{"id":85214,"date":"2017-11-14T12:00:06","date_gmt":"2017-11-14T14:00:06","guid":{"rendered":"http:\/\/diarioregionaljf.com.br\/2017\/11\/14\/caixa-paga-na-sexta-feira-abono-do-pis-para-trabalhador-nascido-em-novembro\/"},"modified":"2017-11-14T12:00:06","modified_gmt":"2017-11-14T14:00:06","slug":"caixa-paga-na-sexta-feira-abono-do-pis-para-trabalhador-nascido-em-novembro","status":"publish","type":"post","link":"https:\/\/diarioregionaldigital.com.br\/?p=85214","title":{"rendered":"Caixa paga na sexta-feira abono do PIS para trabalhador nascido em novembro"},"content":{"rendered":"<p>A Caixa Econ\u00f4mica Federal come\u00e7a a pagar &#8211; a partir da pr\u00f3xima sexta-feira (17) &#8211; o abono salarial do Programa de Integra\u00e7\u00e3o Social (PIS) calend\u00e1rio 2017\/2018, ano-base 2016, para os trabalhadores nascidos em novembro. Os valores variam de R$ 79 a R$ 937.<\/p>\n<p>O abono estar\u00e1 dispon\u00edvel para os inscritos h\u00e1 pelo menos cinco anos no PIS e que tenham trabalhado com carteira assinada por pelo menos 30 dias em 2016, com remunera\u00e7\u00e3o mensal m\u00e9dia de at\u00e9 dois sal\u00e1rios m\u00ednimos.<\/p>\n<p>No total, os recursos liberados chegam a mais de R$ 1,2 bilh\u00e3o para 1.778.726 pessoas. Para obter informa\u00e7\u00f5es sobre o valor a receber, o trabalhador pode acessar o site www.caixa.gov.br\/PIS ou ligar para o telefone: 0800 726 0207. Quem tem conta na Caixa receber\u00e1 o benef\u00edcio automaticamente a partir de hoje (14).<\/p>\n<p>O trabalhador com o Cart\u00e3o do Cidad\u00e3o e senha cadastrada pode se dirigir a uma casa lot\u00e9rica, um ponto de atendimento Caixa Aqui ou aos terminais de autoatendimento do banco. Quem n\u00e3o tem o cart\u00e3o e n\u00e3o tenha recebido automaticamente em conta, o abono pode ser retirado em qualquer ag\u00eancia da Caixa, basta apresentar o documento de identifica\u00e7\u00e3o.<\/p>\n<p>Fonte: Ag\u00eancia Brasil<\/p>\n","protected":false},"excerpt":{"rendered":"<p>A Caixa Econ\u00f4mica Federal come\u00e7a a pagar &#8211; a partir da pr\u00f3xima sexta-feira (17) &#8211; o abono salarial do Programa de Integra\u00e7\u00e3o Social (PIS) calend\u00e1rio 2017\/2018, ano-base 2016, para os trabalhadores nascidos em novembro. Os valores variam de R$ 79 a R$ 937. O abono estar\u00e1 dispon\u00edvel para os inscritos h\u00e1 pelo menos cinco anos [&hellip;]<\/p>\n","protected":false},"author":96,"featured_media":85213,"comment_status":"closed","ping_status":"closed","sticky":false,"template":"","format":"standard","meta":{"footnotes":""},"categories":[261],"tags":[],"class_list":["post-85214","post","type-post","status-publish","format-standard","has-post-thumbnail","hentry","category-economia"],"_links":{"self":[{"href":"https:\/\/diarioregionaldigital.com.br\/index.php?rest_route=\/wp\/v2\/posts\/85214","targetHints":{"allow":["GET"]}}],"collection":[{"href":"https:\/\/diarioregionaldigital.com.br\/index.php?rest_route=\/wp\/v2\/posts"}],"about":[{"href":"https:\/\/diarioregionaldigital.com.br\/index.php?rest_route=\/wp\/v2\/types\/post"}],"author":[{"embeddable":true,"href":"https:\/\/diarioregionaldigital.com.br\/index.php?rest_route=\/wp\/v2\/users\/96"}],"replies":[{"embeddable":true,"href":"https:\/\/diarioregionaldigital.com.br\/index.php?rest_route=%2Fwp%2Fv2%2Fcomments&post=85214"}],"version-history":[{"count":0,"href":"https:\/\/diarioregionaldigital.com.br\/index.php?rest_route=\/wp\/v2\/posts\/85214\/revisions"}],"wp:featuredmedia":[{"embeddable":true,"href":"https:\/\/diarioregionaldigital.com.br\/index.php?rest_route=\/wp\/v2\/media\/85213"}],"wp:attachment":[{"href":"https:\/\/diarioregionaldigital.com.br\/index.php?rest_route=%2Fwp%2Fv2%2Fmedia&parent=85214"}],"wp:term":[{"taxonomy":"category","embeddable":true,"href":"https:\/\/diarioregionaldigital.com.br\/index.php?rest_route=%2Fwp%2Fv2%2Fcategories&post=85214"},{"taxonomy":"post_tag","embeddable":true,"href":"https:\/\/diarioregionaldigital.com.br\/index.php?rest_route=%2Fwp%2Fv2%2Ftags&post=85214"}],"curies":[{"name":"wp","href":"https:\/\/api.w.org\/{rel}","templated":true}]}}