{"id":85202,"date":"2017-11-13T22:12:11","date_gmt":"2017-11-14T00:12:11","guid":{"rendered":"http:\/\/diarioregionaljf.com.br\/2017\/11\/13\/voce-e-responsavel-pela-sua-vida\/"},"modified":"2018-04-16T08:10:37","modified_gmt":"2018-04-16T11:10:37","slug":"voce-e-responsavel-pela-sua-vida","status":"publish","type":"post","link":"https:\/\/diarioregionaldigital.com.br\/?p=85202","title":{"rendered":"Voc\u00ea \u00e9 respons\u00e1vel pela sua vida"},"content":{"rendered":"<p>Dar-se conta de que voc\u00ea \u00e9 respons\u00e1vel pela sua vida pode ser algo transformador, pois lhe d\u00e1 a possibilidade de escolher entre assumir a responsabilidade ou n\u00e3o. Se n\u00e3o assumir, muito provavelmente algu\u00e9m o far\u00e1 e voc\u00ea passar\u00e1 a trabalhar para a realiza\u00e7\u00e3o dessa pessoa, que pode perfeitamente ser a empresa na qual voc\u00ea trabalha&#8230; Se voc\u00ea vive dizendo \u201cEu trabalho para Fulano\u201d ou \u201cEu trabalho para tal empresa\u201d, \u00e9 poss\u00edvel que j\u00e1 esteja perdendo o controle sobre a sua vida. E se assumir, voc\u00ea ter\u00e1 de abandonar a confort\u00e1vel posi\u00e7\u00e3o de v\u00edtima em que se coloca e ir em busca do que voc\u00ea realmente deseja para si.<\/p>\n<p>Ent\u00e3o, voc\u00ea pensa: \u201cAbrir m\u00e3o da minha vida, nem pensar. Mas assumir a responsabilidade por tudo d\u00e1 muito trabalho!\u201d. Pois vou lhe contar um segredo: a posi\u00e7\u00e3o de v\u00edtima pode ser muito mais pesada do que os esfor\u00e7os que voc\u00ea venha a fazer para alcan\u00e7ar sua realiza\u00e7\u00e3o pessoal e profissional. Portanto, a hora \u00e9 agora. E uma das a\u00e7\u00f5es mais importantes no momento de retomar as r\u00e9deas da sua vida \u00e9 perdoar.<\/p>\n<p>Desde crian\u00e7a, nos ensinam que devemos perdoar, e muitos de n\u00f3s crescemos sem saber direito o que isso significa. Perdoar pode ser muitas coisas, mas, antes de mais nada, \u00e9 uma atitude inteligente. Se algu\u00e9m o ofendeu e voc\u00ea insiste em n\u00e3o perdoar, quem carrega o peso da ofensa \u00e9 voc\u00ea. Logo, perdoar \u00e9 assumir a responsabilidade por aquilo que voc\u00ea sente.<\/p>\n<p>Perdoar \u00e9 diferente de esquecer. Esquecer uma ofensa, por exemplo, \u00e9 p\u00f4r uma pedra em cima dela. Voc\u00ea pode nem pensar mais naquilo, mas a energia fica l\u00e1, estagnada embaixo da pedra! Ao perdoar, por\u00e9m, voc\u00ea se liberta das amarras do passado e permite que a sua energia flua positivamente, trazendo mais alegria ao seu ser.<\/p>\n<p>Perdoar pode demandar tempo, paci\u00eancia e dedica\u00e7\u00e3o. Pode n\u00e3o ser f\u00e1cil, pode demandar muita for\u00e7a e sabedoria, mas os resultados s\u00e3o compensadores! Al\u00e9m de purificar a alma e proporcionar um sentimento de leveza, afinal de contas, voc\u00ea est\u00e1 abrindo m\u00e3o de sentimentos negativos como raiva, \u00f3dio, desprezo, entre outros, tamb\u00e9m renova as energias, o perd\u00e3o traz mais vitalidade e for\u00e7a para lutar pelos seus ideais. Isso porque enquanto voc\u00ea estiver guardando m\u00e1goas, remoendo ofensas e permitindo que a dor e o sofrimento cres\u00e7am e se multipliquem em seu interior, voc\u00ea estar\u00e1 gastando valiosas unidades de energia, principalmente cerebrais, que poderiam ser muito mais bem empregadas em prol do seu crescimento pessoal e profissional.<\/p>\n<p>Quando uma pessoa nutre pensamentos rancorosos, tais pensamentos tendem a se acumular, gerando tens\u00f5es, ins\u00f4nia, agita\u00e7\u00e3o e destruindo sua paz. Se voc\u00ea tem uma d\u00edvida que n\u00e3o consegue pagar \u00e9 porque est\u00e1 precisando perdoar algu\u00e9m. D\u00edvida \u00e9 falta de perd\u00e3o no passado. Na hora em que voc\u00ea perdoar, tenha certeza de que o dinheiro aparece e voc\u00ea consegue pagar a d\u00edvida.<\/p>\n<p>Ao perdoar, voc\u00ea libera a dor e o ressentimento que, durante anos, vinha carregando como se fosse um fardo pesado e inconveniente. Ao perdoar, voc\u00ea deixa de ser v\u00edtima de quem o prejudicou, recupera seu poder e assume a responsabilidade pelo que voc\u00ea sente. Lembre-se de que nossos verdadeiros inimigos s\u00e3o a raiva e o \u00f3dio, emo\u00e7\u00f5es que podem crescer desordenadamente quando nos descontrolamos e que s\u00e3o potencialmente destrutivas, que nos corroem, minando a nossa energia e vitalidade, podendo gerar doen\u00e7as t\u00e3o graves como o c\u00e2ncer.<\/p>\n","protected":false},"excerpt":{"rendered":"<p>Dar-se conta de que voc\u00ea \u00e9 respons\u00e1vel pela sua vida pode ser algo transformador, pois lhe d\u00e1 a possibilidade de escolher entre assumir a responsabilidade ou n\u00e3o. Se n\u00e3o assumir, muito provavelmente algu\u00e9m o far\u00e1 e voc\u00ea passar\u00e1 a trabalhar para a realiza\u00e7\u00e3o dessa pessoa, que pode perfeitamente ser a empresa na qual voc\u00ea trabalha&#8230; [&hellip;]<\/p>\n","protected":false},"author":96,"featured_media":0,"comment_status":"closed","ping_status":"closed","sticky":false,"template":"","format":"standard","meta":{"footnotes":""},"categories":[274],"tags":[],"class_list":["post-85202","post","type-post","status-publish","format-standard","hentry","category-dr-lair-ribeiro"],"_links":{"self":[{"href":"https:\/\/diarioregionaldigital.com.br\/index.php?rest_route=\/wp\/v2\/posts\/85202","targetHints":{"allow":["GET"]}}],"collection":[{"href":"https:\/\/diarioregionaldigital.com.br\/index.php?rest_route=\/wp\/v2\/posts"}],"about":[{"href":"https:\/\/diarioregionaldigital.com.br\/index.php?rest_route=\/wp\/v2\/types\/post"}],"author":[{"embeddable":true,"href":"https:\/\/diarioregionaldigital.com.br\/index.php?rest_route=\/wp\/v2\/users\/96"}],"replies":[{"embeddable":true,"href":"https:\/\/diarioregionaldigital.com.br\/index.php?rest_route=%2Fwp%2Fv2%2Fcomments&post=85202"}],"version-history":[{"count":0,"href":"https:\/\/diarioregionaldigital.com.br\/index.php?rest_route=\/wp\/v2\/posts\/85202\/revisions"}],"wp:attachment":[{"href":"https:\/\/diarioregionaldigital.com.br\/index.php?rest_route=%2Fwp%2Fv2%2Fmedia&parent=85202"}],"wp:term":[{"taxonomy":"category","embeddable":true,"href":"https:\/\/diarioregionaldigital.com.br\/index.php?rest_route=%2Fwp%2Fv2%2Fcategories&post=85202"},{"taxonomy":"post_tag","embeddable":true,"href":"https:\/\/diarioregionaldigital.com.br\/index.php?rest_route=%2Fwp%2Fv2%2Ftags&post=85202"}],"curies":[{"name":"wp","href":"https:\/\/api.w.org\/{rel}","templated":true}]}}