{"id":85195,"date":"2017-11-13T21:33:22","date_gmt":"2017-11-13T23:33:22","guid":{"rendered":"http:\/\/diarioregionaljf.com.br\/2017\/11\/13\/bruno-araujo-deixa-ministerio-das-cidades\/"},"modified":"2017-11-13T21:33:22","modified_gmt":"2017-11-13T23:33:22","slug":"bruno-araujo-deixa-ministerio-das-cidades","status":"publish","type":"post","link":"https:\/\/diarioregionaldigital.com.br\/?p=85195","title":{"rendered":"Bruno Ara\u00fajo deixa Minist\u00e9rio das Cidades"},"content":{"rendered":"<p>O ministro das Cidades, Bruno Ara\u00fajo, entregou o cargo nessa segunda-feira, 13, ao presidente Michel Temer. Em carta entregue ao presidente, Ara\u00fajo agradece a confian\u00e7a durante seu per\u00edodo \u00e0 frente da pasta e diz que n\u00e3o h\u00e1 mais apoio dentro do seu partido, o PSDB, para se manter no cargo.\u201cAgrade\u00e7o a confian\u00e7a do meu partido, no qual exerci toda a minha vida p\u00fablica, e j\u00e1 n\u00e3o h\u00e1 mais nele apoio no tamanho que permita seguir essa tarefa\u201d, afirmou.<\/p>\n<p>No documento, Ara\u00fajo elenca algumas a\u00e7\u00f5es do minist\u00e9rio durante sua gest\u00e3o e encerra com um elogio ao governo Temer.<\/p>\n<p>\u201cTenho a convic\u00e7\u00e3o, Sr. Presidente, que a serenidade da hist\u00f3ria vai reconhecer no seu governo resultados profundamente positivos para a sociedade brasileira. Receba minha exonera\u00e7\u00e3o e meus agradecimentos\u201d, finalizou Ara\u00fajo, na carta, cuja autenticidade foi confirmada por sua assessoria.<\/p>\n<p>Ara\u00fajo \u00e9 deputado federal pelo PSDB de Pernambuco e assumiu o minist\u00e9rio em maio do ano passado. Ele participou da cria\u00e7\u00e3o de programas como o Avan\u00e7ar e o Cart\u00e3o Reforma. Nesta segunda, Bruno Ara\u00fajo participou de evento relacionado ao Cart\u00e3o Reforma no Pal\u00e1cio do Planalto e, logo ap\u00f3s, entregou o cargo. Bruno Ara\u00fajo reassume seu mandato como deputado federal.<\/p>\n<p>A sa\u00edda de Ara\u00fajo acontece em meio a rumores no Pal\u00e1cio do Planalto a respeito de uma poss\u00edvel reforma ministerial que poderia envolver a sa\u00edda de tucanos do governo, depois que o PSDB rachou durante a vota\u00e7\u00e3o da den\u00fancia contra Michel Temer na C\u00e2mara. O presidente, no entanto, nunca falou publicamente sobre a sa\u00edda de ministros tucanos do primeiro escal\u00e3o do seu governo.<\/p>\n<p>Fonte: Ag\u00eancia Brasil<\/p>\n","protected":false},"excerpt":{"rendered":"<p>O ministro das Cidades, Bruno Ara\u00fajo, entregou o cargo nessa segunda-feira, 13, ao presidente Michel Temer. Em carta entregue ao presidente, Ara\u00fajo agradece a confian\u00e7a durante seu per\u00edodo \u00e0 frente da pasta e diz que n\u00e3o h\u00e1 mais apoio dentro do seu partido, o PSDB, para se manter no cargo.\u201cAgrade\u00e7o a confian\u00e7a do meu partido, [&hellip;]<\/p>\n","protected":false},"author":96,"featured_media":85194,"comment_status":"closed","ping_status":"closed","sticky":false,"template":"","format":"standard","meta":{"footnotes":""},"categories":[254],"tags":[],"class_list":["post-85195","post","type-post","status-publish","format-standard","has-post-thumbnail","hentry","category-politica"],"_links":{"self":[{"href":"https:\/\/diarioregionaldigital.com.br\/index.php?rest_route=\/wp\/v2\/posts\/85195","targetHints":{"allow":["GET"]}}],"collection":[{"href":"https:\/\/diarioregionaldigital.com.br\/index.php?rest_route=\/wp\/v2\/posts"}],"about":[{"href":"https:\/\/diarioregionaldigital.com.br\/index.php?rest_route=\/wp\/v2\/types\/post"}],"author":[{"embeddable":true,"href":"https:\/\/diarioregionaldigital.com.br\/index.php?rest_route=\/wp\/v2\/users\/96"}],"replies":[{"embeddable":true,"href":"https:\/\/diarioregionaldigital.com.br\/index.php?rest_route=%2Fwp%2Fv2%2Fcomments&post=85195"}],"version-history":[{"count":0,"href":"https:\/\/diarioregionaldigital.com.br\/index.php?rest_route=\/wp\/v2\/posts\/85195\/revisions"}],"wp:featuredmedia":[{"embeddable":true,"href":"https:\/\/diarioregionaldigital.com.br\/index.php?rest_route=\/wp\/v2\/media\/85194"}],"wp:attachment":[{"href":"https:\/\/diarioregionaldigital.com.br\/index.php?rest_route=%2Fwp%2Fv2%2Fmedia&parent=85195"}],"wp:term":[{"taxonomy":"category","embeddable":true,"href":"https:\/\/diarioregionaldigital.com.br\/index.php?rest_route=%2Fwp%2Fv2%2Fcategories&post=85195"},{"taxonomy":"post_tag","embeddable":true,"href":"https:\/\/diarioregionaldigital.com.br\/index.php?rest_route=%2Fwp%2Fv2%2Ftags&post=85195"}],"curies":[{"name":"wp","href":"https:\/\/api.w.org\/{rel}","templated":true}]}}