{"id":85191,"date":"2017-11-13T21:27:48","date_gmt":"2017-11-13T23:27:48","guid":{"rendered":"http:\/\/diarioregionaljf.com.br\/2017\/11\/13\/comboio-do-bem-leva-alegria-ao-natal-das-criancas\/"},"modified":"2017-11-13T21:27:48","modified_gmt":"2017-11-13T23:27:48","slug":"comboio-do-bem-leva-alegria-ao-natal-das-criancas","status":"publish","type":"post","link":"https:\/\/diarioregionaldigital.com.br\/?p=85191","title":{"rendered":"Comboio do Bem leva alegria ao Natal das crian\u00e7as"},"content":{"rendered":"<p>Tornar o Natal das crian\u00e7as mais que especial. Este \u00e9 o objetivo do \u201cComboio do Bem\u201d, que h\u00e1 17 anos mant\u00e9m a tradi\u00e7\u00e3o de doar brinquedos e divertir crian\u00e7as especiais. Neste ano, ser\u00e3o 439 cartinhas entregues no dia 8 de dezembro, beneficiando alunos da Associa\u00e7\u00e3o de Pais e Amigos Excepcionais (Apae) , da Escola Estadual Maria das Dores e dos institutos Bruno e Vit\u00f3ria.<\/p>\n<p>Nascida de um gesto de nobreza do radialista William Boy, a a\u00e7\u00e3o social busca arrecada\u00e7\u00f5es atrav\u00e9s de cartinhas que as crian\u00e7as escrevem ao \u201cPapai Noel\u201d. \u201cFiquei sabendo que as cartinhas que as crian\u00e7as escreviam para o \u2018Papai Noel dos correios\u2019 ficavam encalhadas e nem todas eram atendidas. Eram mais de 250, mas que ainda n\u00e3o tinham tido destina\u00e7\u00e3o\u201d, lembra William.<\/p>\n<p>Segundo ele, os grandes respons\u00e1veis pelo sucesso do comboio s\u00e3o amigos e pessoas que se disp\u00f5em a doar. \u201cA a\u00e7\u00e3o n\u00e3o \u00e9 minha h\u00e1 muito tempo. Ao longo desses anos, s\u00e3o v\u00e1rios os colaboradores que ajudaram. At\u00e9 mesmo as crian\u00e7as: a sugest\u00e3o da \u2018Mam\u00e3e Noel\u2019 foi delas, que viram que o Papai Noel estava sozinho\u201d, conta. O projeto \u00e9 formado por volunt\u00e1rios independentes, Ex\u00e9rcito, Corpo de Bombeiros, Pol\u00edcia Militar, Aeron\u00e1utica, Pol\u00edcia Rodovi\u00e1ria Federal, Pol\u00edcia Civil, Marinha, Pol\u00edcia Federal, Guarda Municipal, Settra e Correios.<\/p>\n<p>Desde que se vestiu de Mam\u00e3e Noel pela primeira vez, a Cristiane Gama revela que o seu Natal n\u00e3o \u00e9 mais o mesmo. \u201cMeu Natal teve um significado muito mais importante. \u00c9 uma data que eu aguardo com entusiasmo e amor, principalmente na hora de entregar os presentes para a crian\u00e7ada. \u00c9 algo que envolve tanto, que at\u00e9 a minha fam\u00edlia participa\u201d, destaca.<\/p>\n<p>William ressalta que n\u00e3o sabe a quantidade de presentes que distribuiu nesses anos, mas \u00e9 um n\u00famero que n\u00e3o importa para ele, j\u00e1 que a sua preocupa\u00e7\u00e3o \u00e9 a felicidade dos pequenos. \u201cTodo mundo me pergunta isso, mas nunca fiz essa conta. A gente se preocupa \u00e9 com a felicidade das crian\u00e7as e que todas as cartas sejam atendidas\u201d, refor\u00e7a.<\/p>\n<p>A coordenadora do Projeto Papai Noel dos Correios, em Juiz de Fora e Zona da Mata, Maria do Carmo Lopes, explica que, em m\u00e9dia, 10 mil cartas de Natal s\u00e3o recebidas e cadastradas pela companhia. Neste ano, o prop\u00f3sito \u00e9 dobrar o n\u00famero. \u201cA gente entra em contato com escolas p\u00fablicas, municipais e estaduais. Geralmente, s\u00e3o col\u00e9gios da periferia, onde se encontram crian\u00e7as em situa\u00e7\u00e3o de vulnerabilidade. No contato com os diretores, a gente explica como eles devem proceder\u201d, esclarece. \u201cAs crian\u00e7as escrevem a carta e elas s\u00e3o encaminhadas para os correios, na qual s\u00e3o cadastradas uma a uma no registro nacional. Logo ap\u00f3s o padrinho escolhe a carta, traz o presente e a gente entrega na institui\u00e7\u00e3o\u201d, acrescenta.<\/p>\n<p>&nbsp;<\/p>\n<h4>COMO AJUDAR<\/h4>\n<p>As cartas est\u00e3o dispon\u00edveis com os organizadores da iniciativa. Quem n\u00e3o puder ler e separar uma cartinha, tamb\u00e9m existe a op\u00e7\u00e3o de contribuir com dinheiro. \u201cPara mim, o peso de algu\u00e9m que adota uma carta de R$1 ou R$100 \u00e9 o mesmo. Todas as pessoas t\u00eam a sua situa\u00e7\u00e3o financeira e compreendemos, o importante \u00e9 abrir o cora\u00e7\u00e3o\u201d, reconhece William. Os interessados em participar do &#8220;Comboio do Bem&#8221; podem entrar em contato diretamente com o idealizador do projeto, pelo n\u00famero (32) 99965-8095.<\/p>\n","protected":false},"excerpt":{"rendered":"<p>Tornar o Natal das crian\u00e7as mais que especial. Este \u00e9 o objetivo do \u201cComboio do Bem\u201d, que h\u00e1 17 anos mant\u00e9m a tradi\u00e7\u00e3o de doar brinquedos e divertir crian\u00e7as especiais. Neste ano, ser\u00e3o 439 cartinhas entregues no dia 8 de dezembro, beneficiando alunos da Associa\u00e7\u00e3o de Pais e Amigos Excepcionais (Apae) , da Escola Estadual [&hellip;]<\/p>\n","protected":false},"author":96,"featured_media":85190,"comment_status":"closed","ping_status":"closed","sticky":false,"template":"","format":"standard","meta":{"footnotes":""},"categories":[253],"tags":[],"class_list":["post-85191","post","type-post","status-publish","format-standard","has-post-thumbnail","hentry","category-cidade"],"_links":{"self":[{"href":"https:\/\/diarioregionaldigital.com.br\/index.php?rest_route=\/wp\/v2\/posts\/85191","targetHints":{"allow":["GET"]}}],"collection":[{"href":"https:\/\/diarioregionaldigital.com.br\/index.php?rest_route=\/wp\/v2\/posts"}],"about":[{"href":"https:\/\/diarioregionaldigital.com.br\/index.php?rest_route=\/wp\/v2\/types\/post"}],"author":[{"embeddable":true,"href":"https:\/\/diarioregionaldigital.com.br\/index.php?rest_route=\/wp\/v2\/users\/96"}],"replies":[{"embeddable":true,"href":"https:\/\/diarioregionaldigital.com.br\/index.php?rest_route=%2Fwp%2Fv2%2Fcomments&post=85191"}],"version-history":[{"count":0,"href":"https:\/\/diarioregionaldigital.com.br\/index.php?rest_route=\/wp\/v2\/posts\/85191\/revisions"}],"wp:featuredmedia":[{"embeddable":true,"href":"https:\/\/diarioregionaldigital.com.br\/index.php?rest_route=\/wp\/v2\/media\/85190"}],"wp:attachment":[{"href":"https:\/\/diarioregionaldigital.com.br\/index.php?rest_route=%2Fwp%2Fv2%2Fmedia&parent=85191"}],"wp:term":[{"taxonomy":"category","embeddable":true,"href":"https:\/\/diarioregionaldigital.com.br\/index.php?rest_route=%2Fwp%2Fv2%2Fcategories&post=85191"},{"taxonomy":"post_tag","embeddable":true,"href":"https:\/\/diarioregionaldigital.com.br\/index.php?rest_route=%2Fwp%2Fv2%2Ftags&post=85191"}],"curies":[{"name":"wp","href":"https:\/\/api.w.org\/{rel}","templated":true}]}}