{"id":85189,"date":"2017-11-13T21:12:50","date_gmt":"2017-11-13T23:12:50","guid":{"rendered":"http:\/\/diarioregionaljf.com.br\/2017\/11\/13\/ministro-osmar-terra-diz-que-bolsa-familia-sera-reajustado-em-2018\/"},"modified":"2017-11-13T21:12:50","modified_gmt":"2017-11-13T23:12:50","slug":"ministro-osmar-terra-diz-que-bolsa-familia-sera-reajustado-em-2018","status":"publish","type":"post","link":"https:\/\/diarioregionaldigital.com.br\/?p=85189","title":{"rendered":"Ministro Osmar Terra diz que Bolsa Fam\u00edlia ser\u00e1 reajustado em 2018"},"content":{"rendered":"<p>O ministro do Desenvolvimento Social, Osmar Terra, afirmou nesta segunda-feira,13, que o governo pretende reajustar o valor do Bolsa Fam\u00edlia no pr\u00f3ximo ano.<\/p>\n<p>\u201cNo ano que vem, queremos aumentar alguma coisa acima da infla\u00e7\u00e3o, pode ser 0,5%, 1%, o que estiver dando em mar\u00e7o ou abril. Ainda estamos definindo&#8221;, disse \u00e0 imprensa ap\u00f3s participar do lan\u00e7amento do Programa Emergencial de A\u00e7\u00f5es Sociais para a cidade do Rio de Janeiro.<\/p>\n<p>De acordo com o ministro, o fato de a infla\u00e7\u00e3o estar mais baixa propicia o aumento do valor do benef\u00edcio, concedido a 13,5 milh\u00f5es de fam\u00edlias, de acordo com o minist\u00e9rio.<\/p>\n<p>Fonte: Ag\u00eancia Brasil<\/p>\n","protected":false},"excerpt":{"rendered":"<p>O ministro do Desenvolvimento Social, Osmar Terra, afirmou nesta segunda-feira,13, que o governo pretende reajustar o valor do Bolsa Fam\u00edlia no pr\u00f3ximo ano. \u201cNo ano que vem, queremos aumentar alguma coisa acima da infla\u00e7\u00e3o, pode ser 0,5%, 1%, o que estiver dando em mar\u00e7o ou abril. Ainda estamos definindo&#8221;, disse \u00e0 imprensa ap\u00f3s participar do [&hellip;]<\/p>\n","protected":false},"author":96,"featured_media":85188,"comment_status":"closed","ping_status":"closed","sticky":false,"template":"","format":"standard","meta":{"footnotes":""},"categories":[261],"tags":[],"class_list":["post-85189","post","type-post","status-publish","format-standard","has-post-thumbnail","hentry","category-economia"],"_links":{"self":[{"href":"https:\/\/diarioregionaldigital.com.br\/index.php?rest_route=\/wp\/v2\/posts\/85189","targetHints":{"allow":["GET"]}}],"collection":[{"href":"https:\/\/diarioregionaldigital.com.br\/index.php?rest_route=\/wp\/v2\/posts"}],"about":[{"href":"https:\/\/diarioregionaldigital.com.br\/index.php?rest_route=\/wp\/v2\/types\/post"}],"author":[{"embeddable":true,"href":"https:\/\/diarioregionaldigital.com.br\/index.php?rest_route=\/wp\/v2\/users\/96"}],"replies":[{"embeddable":true,"href":"https:\/\/diarioregionaldigital.com.br\/index.php?rest_route=%2Fwp%2Fv2%2Fcomments&post=85189"}],"version-history":[{"count":0,"href":"https:\/\/diarioregionaldigital.com.br\/index.php?rest_route=\/wp\/v2\/posts\/85189\/revisions"}],"wp:featuredmedia":[{"embeddable":true,"href":"https:\/\/diarioregionaldigital.com.br\/index.php?rest_route=\/wp\/v2\/media\/85188"}],"wp:attachment":[{"href":"https:\/\/diarioregionaldigital.com.br\/index.php?rest_route=%2Fwp%2Fv2%2Fmedia&parent=85189"}],"wp:term":[{"taxonomy":"category","embeddable":true,"href":"https:\/\/diarioregionaldigital.com.br\/index.php?rest_route=%2Fwp%2Fv2%2Fcategories&post=85189"},{"taxonomy":"post_tag","embeddable":true,"href":"https:\/\/diarioregionaldigital.com.br\/index.php?rest_route=%2Fwp%2Fv2%2Ftags&post=85189"}],"curies":[{"name":"wp","href":"https:\/\/api.w.org\/{rel}","templated":true}]}}