{"id":85186,"date":"2017-11-13T20:25:13","date_gmt":"2017-11-13T22:25:13","guid":{"rendered":"http:\/\/diarioregionaljf.com.br\/2017\/11\/13\/perdoe-ao-proximo-orando-por-sua-felicidade\/"},"modified":"2018-04-16T08:09:56","modified_gmt":"2018-04-16T11:09:56","slug":"perdoe-ao-proximo-orando-por-sua-felicidade","status":"publish","type":"post","link":"https:\/\/diarioregionaldigital.com.br\/?p=85186","title":{"rendered":"Perdoe ao pr\u00f3ximo orando por sua felicidade"},"content":{"rendered":"<p style=\"text-align: center;\">H\u00e1 casos em que n\u00e3o conseguimos esquecer o problema que nos deixou enraivecidos, porque n\u00e3o perdoamos \u00e0 pessoa respons\u00e1vel por ele. Perdoemos a essa pessoa todas as vezes que nos lembrarmos das circunst\u00e2ncias causadoras dos nossos sofrimentos, mentalizando ardorosamente: &#8220;Eu j\u00e1 o perdoei. Voc\u00ea tamb\u00e9m me perdoou. Eu o amo, e voc\u00ea tamb\u00e9m me ama. Eu lhe agrade\u00e7o, voc\u00ea tamb\u00e9m me agradece. Eu e voc\u00ea somos um s\u00f3 perante Deus. Muito obrigado! &#8220;, Devemos ainda acrescentar esta ora\u00e7\u00e3o: &#8220;O Deus, tornai aquela pessoa feliz! Ela n\u00e3o \u00e9 culpada do que me fez. Tomou tal atitude porque se sentia infeliz e n\u00e3o sabia o que estava fazendo. Ela n\u00e3o \u00e9 respons\u00e1vel pelo que aconteceu. Deus, fazei-a feliz!&#8221;.<\/p>\n<p style=\"text-align: center;\"><span class=\"h4\">O pensamento do c\u00e9rebro n\u00e3o \u00e9 o do esp\u00edrito<\/span><br \/>A infinita Sabedoria, o infinito Amor e a infinita Vida de Deus est\u00e3o agindo atrav\u00e9s de todas as pessoas. Por\u00e9m, para que eles possam atuar perfeitamente, assim como a nuvem pode obstruir a luz do sol, n\u00e3o devemos impedir o trabalho de Deus com a mente anuviada. Deus n\u00e3o est\u00e1 em um lugar distante; a vida que se aloja em voc\u00ea \u00e9 a Vida de Deus. A &#8220;mente&#8221; e o &#8220;fen\u00f4meno espiritual&#8221;, que aparentemente s\u00e3o uma fun\u00e7\u00e3o do c\u00e9rebro humano, n\u00e3o passam do efeito resultante de um complicado mecanismo autom\u00e1tico chamado &#8220;corpo f\u00edsico&#8221;. Essa mente faz reaparecer imperfeitamente o conte\u00fado das ondas de radio fus\u00e3o emitidos pelo esp\u00edrito do homem. Portanto, assim como o programa transmitido pela emissora pode ser mal sintonizado pelo aparelho de r\u00e1dio, que passa a reproduzir somente ru\u00eddos, tamb\u00e9m o c\u00e9rebro que n\u00e3o se sintoniza com Deus latente, poder\u00e1 emitir pensamentos que ser\u00e3o completamente diferentes dos pensamentos do esp\u00edrito. Por essa raz\u00e3o, o pensamento do c\u00e9rebro, \u00e0s vezes, n\u00e3o \u00e9 o nosso pr\u00f3prio pensamento.<\/p>\n","protected":false},"excerpt":{"rendered":"<p>H\u00e1 casos em que n\u00e3o conseguimos esquecer o problema que nos deixou enraivecidos, porque n\u00e3o perdoamos \u00e0 pessoa respons\u00e1vel por ele. Perdoemos a essa pessoa todas as vezes que nos lembrarmos das circunst\u00e2ncias causadoras dos nossos sofrimentos, mentalizando ardorosamente: &#8220;Eu j\u00e1 o perdoei. Voc\u00ea tamb\u00e9m me perdoou. Eu o amo, e voc\u00ea tamb\u00e9m me ama. [&hellip;]<\/p>\n","protected":false},"author":96,"featured_media":0,"comment_status":"closed","ping_status":"closed","sticky":false,"template":"","format":"standard","meta":{"footnotes":""},"categories":[263],"tags":[],"class_list":["post-85186","post","type-post","status-publish","format-standard","hentry","category-jane-aragao"],"_links":{"self":[{"href":"https:\/\/diarioregionaldigital.com.br\/index.php?rest_route=\/wp\/v2\/posts\/85186","targetHints":{"allow":["GET"]}}],"collection":[{"href":"https:\/\/diarioregionaldigital.com.br\/index.php?rest_route=\/wp\/v2\/posts"}],"about":[{"href":"https:\/\/diarioregionaldigital.com.br\/index.php?rest_route=\/wp\/v2\/types\/post"}],"author":[{"embeddable":true,"href":"https:\/\/diarioregionaldigital.com.br\/index.php?rest_route=\/wp\/v2\/users\/96"}],"replies":[{"embeddable":true,"href":"https:\/\/diarioregionaldigital.com.br\/index.php?rest_route=%2Fwp%2Fv2%2Fcomments&post=85186"}],"version-history":[{"count":0,"href":"https:\/\/diarioregionaldigital.com.br\/index.php?rest_route=\/wp\/v2\/posts\/85186\/revisions"}],"wp:attachment":[{"href":"https:\/\/diarioregionaldigital.com.br\/index.php?rest_route=%2Fwp%2Fv2%2Fmedia&parent=85186"}],"wp:term":[{"taxonomy":"category","embeddable":true,"href":"https:\/\/diarioregionaldigital.com.br\/index.php?rest_route=%2Fwp%2Fv2%2Fcategories&post=85186"},{"taxonomy":"post_tag","embeddable":true,"href":"https:\/\/diarioregionaldigital.com.br\/index.php?rest_route=%2Fwp%2Fv2%2Ftags&post=85186"}],"curies":[{"name":"wp","href":"https:\/\/api.w.org\/{rel}","templated":true}]}}