{"id":85185,"date":"2017-11-13T20:23:00","date_gmt":"2017-11-13T22:23:00","guid":{"rendered":"http:\/\/diarioregionaljf.com.br\/2017\/11\/13\/sucessos\/"},"modified":"2017-11-13T20:23:00","modified_gmt":"2017-11-13T22:23:00","slug":"sucessos","status":"publish","type":"post","link":"https:\/\/diarioregionaldigital.com.br\/?p=85185","title":{"rendered":"Sucessos"},"content":{"rendered":"<p style=\"text-align: center;\"><span class=\"h4\">Na Telona<\/span><br \/>O Museu de Arte Murilo Mendes, foi palco para o lan\u00e7amento do document\u00e1rio \u201cO \u00faltimo cinema: vest\u00edgios de uma mem\u00f3ria audiovisual\u201d. Produzido pelos cineastas Adriano Medeiros e Wilton Ara\u00fajo, a obra retrata os instantes derradeiros do Cine Arte Palace \u2013 o \u00faltimo cinema de rua de Juiz de Fora.<\/p>\n<p style=\"text-align: center;\"><span class=\"h4\">Na Paulic\u00e9ia<\/span><br \/>Jovens e antenados, os consultores do Grupo Sinergia Solu\u00e7\u00f5es Corporativa, C\u00edntia Ferrari, Gena\u00edna Queiroz e Luiz Carlos Coelho participaram do primeiro treinamento de lideran\u00e7a positiva com o presidente da Sociedade Brasileira de Coaching, Villela da Mata, que aconteceu na Vila Ol\u00edmpia, em S\u00e3o Paulo.<\/p>\n<p style=\"text-align: center;\"><span class=\"h4\">Sa\u00fade<\/span><br \/>Em boa hora, o Hospital e Maternidade Therezinha de Jesus, filantr\u00f3pico e 100% SUS, acaba de comemorar um feito grandioso. Ap\u00f3s auditoria internacional DNV, a institui\u00e7\u00e3o foi recomendada com certificado em n\u00edvel 3 (M\u00e1ximo) para o ONA.<\/p>\n<p style=\"text-align: center;\"><span class=\"h4\">Sucesso<\/span><br \/>Dignos de elogios, os atletas do Clube Bom Pastor voltaram para Juiz de Fora com premia\u00e7\u00f5es na final do Torneio Nacional da Caixa de Nata\u00e7\u00e3o, promovido pelo Comit\u00ea Para-l\u00edmpico Brasileiro, em S\u00e3o Paulo. Gabriel Schuman (18 anos) foi vice-campe\u00e3o nos 100 metros nado de peito e Manuela Alves Ribeiro nos 400 metros livres.<\/p>\n<p style=\"text-align: center;\"><span class=\"h4\">Voc\u00ea Sabia?<\/span><br \/>Juiz de Fora j\u00e1 lan\u00e7ou muitos atletas que chegaram a n\u00edvel nacional. Celeiro de grandes esportistas, no momento \u00e9 palco de treinos de t\u00e9cnicos de clubes e da Sele\u00e7\u00e3o Brasileira de Ciclismo de Estrada e de competidores de alto n\u00edvel.<\/p>\n<p style=\"text-align: center;\"><img decoding=\"async\" class=\" size-full wp-image-85175\" src=\"http:\/\/diarioregionaljf.com.br\/wp-content\/uploads\/2017\/11\/diario-int-21215-1.jpg\" alt=\"FOTOA.jpg\" width=\"680\" style=\"display: block; margin-left: auto; margin-right: auto;\" srcset=\"https:\/\/diarioregionaldigital.com.br\/wp-content\/uploads\/2017\/11\/diario-int-21215-1.jpg 680w, https:\/\/diarioregionaldigital.com.br\/wp-content\/uploads\/2017\/11\/diario-int-21215-1-300x199.jpg 300w, https:\/\/diarioregionaldigital.com.br\/wp-content\/uploads\/2017\/11\/diario-int-21215-1-360x238.jpg 360w\" sizes=\"(max-width: 680px) 100vw, 680px\" \/>Em ritmo de Miss Minas Gerais CNB, os juiz-foranos&nbsp; Isabella Stumpf Miss Juiz de Fora CNB e Gabriel Vital Mr. Juiz de Fora CNB, disputam a final em Patos de Minas e posaram com Wagner Emerich<\/p>\n<p style=\"text-align: center;\"><img decoding=\"async\" class=\" size-full wp-image-85176\" src=\"http:\/\/diarioregionaljf.com.br\/wp-content\/uploads\/2017\/11\/diario-int-21215-2.JPG\" alt=\"FOTOB.JPG\" width=\"680\" style=\"display: block; margin-left: auto; margin-right: auto;\" srcset=\"https:\/\/diarioregionaldigital.com.br\/wp-content\/uploads\/2017\/11\/diario-int-21215-2.JPG 680w, https:\/\/diarioregionaldigital.com.br\/wp-content\/uploads\/2017\/11\/diario-int-21215-2-300x199.jpg 300w, https:\/\/diarioregionaldigital.com.br\/wp-content\/uploads\/2017\/11\/diario-int-21215-2-360x238.jpg 360w\" sizes=\"(max-width: 680px) 100vw, 680px\" \/>No Bar da F\u00e1brica, os queridos Marilene Gimenes, Z\u00e9 Kodak, Margareth Brito, \u00c1urea Almeida e Gilberto Rodrigues com Eduardo Gomes<\/p>\n<p style=\"text-align: center;\"><img decoding=\"async\" class=\" size-full wp-image-85177\" src=\"http:\/\/diarioregionaljf.com.br\/wp-content\/uploads\/2017\/11\/diario-int-21215-3.jpg\" alt=\"FOTOE.jpg\" width=\"680\" style=\"display: block; margin-left: auto; margin-right: auto;\" srcset=\"https:\/\/diarioregionaldigital.com.br\/wp-content\/uploads\/2017\/11\/diario-int-21215-3.jpg 680w, https:\/\/diarioregionaldigital.com.br\/wp-content\/uploads\/2017\/11\/diario-int-21215-3-300x199.jpg 300w, https:\/\/diarioregionaldigital.com.br\/wp-content\/uploads\/2017\/11\/diario-int-21215-3-360x238.jpg 360w\" sizes=\"(max-width: 680px) 100vw, 680px\" \/>A Miss Leopoldina CNB 2017, Paula Ferreira<\/p>\n<p style=\"text-align: center;\"><img decoding=\"async\" class=\" size-full wp-image-85178\" src=\"http:\/\/diarioregionaljf.com.br\/wp-content\/uploads\/2017\/11\/diario-int-21215-4.jpg\" alt=\"FOTOG.jpg\" width=\"680\" style=\"display: block; margin-left: auto; margin-right: auto;\" srcset=\"https:\/\/diarioregionaldigital.com.br\/wp-content\/uploads\/2017\/11\/diario-int-21215-4.jpg 680w, https:\/\/diarioregionaldigital.com.br\/wp-content\/uploads\/2017\/11\/diario-int-21215-4-300x199.jpg 300w, https:\/\/diarioregionaldigital.com.br\/wp-content\/uploads\/2017\/11\/diario-int-21215-4-360x238.jpg 360w\" sizes=\"(max-width: 680px) 100vw, 680px\" \/>No Condom\u00ednio Rossi em seu ch\u00e1 de Beb\u00ea, o casal Elisa e Marcelo Mendes com Neuza Marsicano<\/p>\n<p style=\"text-align: center;\"><img decoding=\"async\" class=\" size-full wp-image-85179\" src=\"http:\/\/diarioregionaljf.com.br\/wp-content\/uploads\/2017\/11\/diario-int-21215-5.jpg\" alt=\"FOTOI.jpg\" width=\"680\" style=\"display: block; margin-left: auto; margin-right: auto;\" srcset=\"https:\/\/diarioregionaldigital.com.br\/wp-content\/uploads\/2017\/11\/diario-int-21215-5.jpg 680w, https:\/\/diarioregionaldigital.com.br\/wp-content\/uploads\/2017\/11\/diario-int-21215-5-300x199.jpg 300w, https:\/\/diarioregionaldigital.com.br\/wp-content\/uploads\/2017\/11\/diario-int-21215-5-360x238.jpg 360w\" sizes=\"(max-width: 680px) 100vw, 680px\" \/>No happy-hour do Caf\u00e9 Kurt, Cristina Teixeira e C\u00e9sar Teixeira<\/p>\n<p style=\"text-align: center;\"><img decoding=\"async\" class=\" size-full wp-image-85180\" src=\"http:\/\/diarioregionaljf.com.br\/wp-content\/uploads\/2017\/11\/diario-int-21215-6.jpg\" alt=\"FOTOAA.jpg\" width=\"680\" style=\"display: block; margin-left: auto; margin-right: auto;\" srcset=\"https:\/\/diarioregionaldigital.com.br\/wp-content\/uploads\/2017\/11\/diario-int-21215-6.jpg 680w, https:\/\/diarioregionaldigital.com.br\/wp-content\/uploads\/2017\/11\/diario-int-21215-6-300x169.jpg 300w, https:\/\/diarioregionaldigital.com.br\/wp-content\/uploads\/2017\/11\/diario-int-21215-6-360x203.jpg 360w\" sizes=\"(max-width: 680px) 100vw, 680px\" \/>Ilustres visitando a coluna, Marcio Alves (Conservadora Memorial), o secretario de seguran\u00e7a Juiz Jos\u00e9 Armando da Silveira e Ctde da Guarda Municipal Emilce de Castro<\/p>\n<p style=\"text-align: center;\"><img decoding=\"async\" class=\" size-full wp-image-85181\" src=\"http:\/\/diarioregionaljf.com.br\/wp-content\/uploads\/2017\/11\/diario-int-21215-7.jpg\" alt=\"FOTOBB.jpg\" width=\"680\" style=\"display: block; margin-left: auto; margin-right: auto;\" srcset=\"https:\/\/diarioregionaldigital.com.br\/wp-content\/uploads\/2017\/11\/diario-int-21215-7.jpg 680w, https:\/\/diarioregionaldigital.com.br\/wp-content\/uploads\/2017\/11\/diario-int-21215-7-300x169.jpg 300w, https:\/\/diarioregionaldigital.com.br\/wp-content\/uploads\/2017\/11\/diario-int-21215-7-360x203.jpg 360w\" sizes=\"(max-width: 680px) 100vw, 680px\" \/>Na Portela, Monarco, Nelson Resende e Ney Gerald<\/p>\n<p style=\"text-align: center;\"><img decoding=\"async\" class=\" size-full wp-image-85182\" src=\"http:\/\/diarioregionaljf.com.br\/wp-content\/uploads\/2017\/11\/diario-int-21215-8.jpg\" alt=\"FOTOCC.jpg\" width=\"680\" style=\"display: block; margin-left: auto; margin-right: auto;\" srcset=\"https:\/\/diarioregionaldigital.com.br\/wp-content\/uploads\/2017\/11\/diario-int-21215-8.jpg 680w, https:\/\/diarioregionaldigital.com.br\/wp-content\/uploads\/2017\/11\/diario-int-21215-8-300x197.jpg 300w, https:\/\/diarioregionaldigital.com.br\/wp-content\/uploads\/2017\/11\/diario-int-21215-8-360x236.jpg 360w\" sizes=\"(max-width: 680px) 100vw, 680px\" \/>No S\u00edrio e Liban\u00eas, Ignes Francis Abdalla comemorou 90 anos ao lado de Rafael Abdalla, Pedro e Gise Latuf Abdalla<\/p>\n<p style=\"text-align: center;\"><img decoding=\"async\" class=\" size-full wp-image-85183\" src=\"http:\/\/diarioregionaljf.com.br\/wp-content\/uploads\/2017\/11\/diario-int-21215-9.jpg\" alt=\"FOTODD.jpg\" width=\"680\" style=\"display: block; margin-left: auto; margin-right: auto;\" srcset=\"https:\/\/diarioregionaldigital.com.br\/wp-content\/uploads\/2017\/11\/diario-int-21215-9.jpg 680w, https:\/\/diarioregionaldigital.com.br\/wp-content\/uploads\/2017\/11\/diario-int-21215-9-300x169.jpg 300w, https:\/\/diarioregionaldigital.com.br\/wp-content\/uploads\/2017\/11\/diario-int-21215-9-360x203.jpg 360w\" sizes=\"(max-width: 680px) 100vw, 680px\" \/>Em estilo astral na 4Live, Rodrigo Bhering, Renata Bhering (aniversariando) e Eduardo Gomes<\/p>\n<p style=\"text-align: center;\"><img decoding=\"async\" class=\" size-full wp-image-85184\" src=\"http:\/\/diarioregionaljf.com.br\/wp-content\/uploads\/2017\/11\/diario-int-21215-10.jpg\" alt=\"FOTOM.jpg\" width=\"680\" style=\"display: block; margin-left: auto; margin-right: auto;\" srcset=\"https:\/\/diarioregionaldigital.com.br\/wp-content\/uploads\/2017\/11\/diario-int-21215-10.jpg 680w, https:\/\/diarioregionaldigital.com.br\/wp-content\/uploads\/2017\/11\/diario-int-21215-10-300x243.jpg 300w, https:\/\/diarioregionaldigital.com.br\/wp-content\/uploads\/2017\/11\/diario-int-21215-10-360x291.jpg 360w\" sizes=\"(max-width: 680px) 100vw, 680px\" \/>A bonita Stephanie Franck festeja o anivers\u00e1rio do namorado Matteus Faza nesta 3\u00aa feira, 14 de novembro<\/p>\n<p class=\"h4\" style=\"text-align: center;\">FOTOSS\u00cdNTESE<\/p>\n<p>O jovem consultor Matheus Faza, mostra compet\u00eancia e seriedade em sua fun\u00e7\u00e3o na Inove Consultoria Junior.<\/p>\n<p>Com toque de eleg\u00e2ncia suprema, Leniane Feyo Baggio lan\u00e7ou na Livori, a cole\u00e7\u00e3o da Florescer\/Home, com linha de estampas exlusivas em sousplats, jogos americanos, centros de mesa e almofadas.<\/p>\n<p>Com sua m\u00e3o de fada , a juiz-forana Cristina Poncinelli conquistou pelo segundo ano, medalha de ouro na Birmingham Cake Decoration Show, uma das melhores exposi\u00e7\u00f5es de bolos decorados da Inglaterra, O Reino Unido, se rendeu ao talento dela.<\/p>\n<p>Para ver o que a Bahia tem, a professora do CES\/JF, Stetina Trani de Menezes Dacorso participar\u00e1 do Congresso do C\u00edrculo Brasileiro de Psican\u00e1lise, em Salvador, com o trabalho \u201cLou Andreas Salom\u00e9: o que voc\u00ea tem a nos dizer?\u201d<\/p>\n<p>No Natal dos Correios, Papai Noel vai ler 11 mil cartinhas dispon\u00edveis nas ag\u00eancias postais. Para ajudar, a coordena\u00e7\u00e3o do Projeto, fechou parceria com cerca de escolas e creches de Juiz de Fora. \u00c0 frente, Maria do Carmo Lopes Maciel, espera a popula\u00e7\u00e3o.<\/p>\n<p>O Espa\u00e7o Excalibur promoveu animada noite de aut\u00f3grafos, sarau e m\u00fasica, reunindo a turma gente boa da Liga dos Escritores, Ilustradores e Autores de Juiz de Fora.<\/p>\n<p>O Canto da Mata serviu de palco para o lan\u00e7amento da Colet\u00e2nea \u2018JF in blues\u2019, onde v\u00e1rios tons serve como garimpo, do que compositores da cidade j\u00e1 experimentaram do g\u00eanero.<\/p>\n<p>O projeto Recrear elaborado por alunos do Gr\u00eamio Estudantil Polivalente da Escola Estadual Presidente Costa e Silva (Benfica) ficou entre os 18 melhores projetos do pa\u00eds. O Recrear foi o \u00fanico projeto de Minas Gerais entre os finalistas. Parab\u00e9ns.<\/p>\n<p>Boa Not\u00edcia: Esta\u00e7\u00e3o de tratamento de Esgoto Granjas Bethel vai come\u00e7ar a operar em fevereiro de 2018.<\/p>\n<p>P\u00e1ra choque de caminh\u00e3o: \u201cVoc\u00ea pode at\u00e9 me empurrar do penhasco que eu vou dizer: E da\u00ed? Eu adoro voar!\u201d (Clarice Lispector). Bom Dia.<\/p>\n","protected":false},"excerpt":{"rendered":"<p>Na TelonaO Museu de Arte Murilo Mendes, foi palco para o lan\u00e7amento do document\u00e1rio \u201cO \u00faltimo cinema: vest\u00edgios de uma mem\u00f3ria audiovisual\u201d. Produzido pelos cineastas Adriano Medeiros e Wilton Ara\u00fajo, a obra retrata os instantes derradeiros do Cine Arte Palace \u2013 o \u00faltimo cinema de rua de Juiz de Fora. Na Paulic\u00e9iaJovens e antenados, os [&hellip;]<\/p>\n","protected":false},"author":96,"featured_media":85174,"comment_status":"closed","ping_status":"closed","sticky":false,"template":"","format":"standard","meta":{"footnotes":""},"categories":[264],"tags":[],"class_list":["post-85185","post","type-post","status-publish","format-standard","has-post-thumbnail","hentry","category-eduardo-gomes"],"_links":{"self":[{"href":"https:\/\/diarioregionaldigital.com.br\/index.php?rest_route=\/wp\/v2\/posts\/85185","targetHints":{"allow":["GET"]}}],"collection":[{"href":"https:\/\/diarioregionaldigital.com.br\/index.php?rest_route=\/wp\/v2\/posts"}],"about":[{"href":"https:\/\/diarioregionaldigital.com.br\/index.php?rest_route=\/wp\/v2\/types\/post"}],"author":[{"embeddable":true,"href":"https:\/\/diarioregionaldigital.com.br\/index.php?rest_route=\/wp\/v2\/users\/96"}],"replies":[{"embeddable":true,"href":"https:\/\/diarioregionaldigital.com.br\/index.php?rest_route=%2Fwp%2Fv2%2Fcomments&post=85185"}],"version-history":[{"count":0,"href":"https:\/\/diarioregionaldigital.com.br\/index.php?rest_route=\/wp\/v2\/posts\/85185\/revisions"}],"wp:featuredmedia":[{"embeddable":true,"href":"https:\/\/diarioregionaldigital.com.br\/index.php?rest_route=\/wp\/v2\/media\/85174"}],"wp:attachment":[{"href":"https:\/\/diarioregionaldigital.com.br\/index.php?rest_route=%2Fwp%2Fv2%2Fmedia&parent=85185"}],"wp:term":[{"taxonomy":"category","embeddable":true,"href":"https:\/\/diarioregionaldigital.com.br\/index.php?rest_route=%2Fwp%2Fv2%2Fcategories&post=85185"},{"taxonomy":"post_tag","embeddable":true,"href":"https:\/\/diarioregionaldigital.com.br\/index.php?rest_route=%2Fwp%2Fv2%2Ftags&post=85185"}],"curies":[{"name":"wp","href":"https:\/\/api.w.org\/{rel}","templated":true}]}}