{"id":85173,"date":"2017-11-13T19:44:02","date_gmt":"2017-11-13T21:44:02","guid":{"rendered":"http:\/\/diarioregionaljf.com.br\/2017\/11\/13\/governo-vai-promover-audiencias-publicas-para-debater-a-concessao-da-mg-424\/"},"modified":"2017-11-13T19:44:02","modified_gmt":"2017-11-13T21:44:02","slug":"governo-vai-promover-audiencias-publicas-para-debater-a-concessao-da-mg-424","status":"publish","type":"post","link":"https:\/\/diarioregionaldigital.com.br\/?p=85173","title":{"rendered":"Governo vai promover audi\u00eancias p\u00fablicas para debater a concess\u00e3o da MG-424"},"content":{"rendered":"<p>O Governo de Minas Gerais, por meio da Secretaria de Estado de Transportes e Obras P\u00fablicas, realizar\u00e1 quatro audi\u00eancias p\u00fablicas de esclarecimentos e sugest\u00f5es \u00e0 minuta de edital e anexos, relativos \u00e0 concess\u00e3o de servi\u00e7os para a explora\u00e7\u00e3o da rodovia MG-424, do entroncamento com a MG-010 at\u00e9 a entrada de Sete Lagoas.<\/p>\n<p>No dia 20 de novembro (segunda-feira), as audi\u00eancias acontecer\u00e3o em Sete Lagoas, \u00e0s 9h30, no audit\u00f3rio da Associa\u00e7\u00e3o Comercial e Industrial de Sete Lagoas (Rua Nicola Lanza, n\u00ba140, Centro), e em Matozinhos, \u00e0s 15h, na Casa da Cultura (Pra\u00e7a do Ros\u00e1rio, n\u00ba50 &#8211; Centro).<\/p>\n<p>Para o dia 21 de novembro (ter\u00e7a-feira), est\u00e3o programadas as audi\u00eancias p\u00fablicas em Pedro Leopoldo, \u00e0s 9h30, no audit\u00f3rio do Senai (Avenida Coronel Juventino Dias, n\u00ba856, Centro), e em Belo Horizonte, \u00e0s 15h, nas salas 6 e 7 do 7\u00ba andar &#8211; Pr\u00e9dio Minas &#8211; Cidade Administrativa do Governo de Minas Gerais (Rodovia Papa Jo\u00e3o Paulo II, n\u00ba4.143, bairro Serra Verde).<\/p>\n<p>A extens\u00e3o da MG-424 a ser concedida \u00e9 de 51,09 quil\u00f4metros, ap\u00f3s as implanta\u00e7\u00f5es dos contornos de Matozinhos e Prudente de Morais. A rodovia passa tamb\u00e9m pelos munic\u00edpios de Vespasiano, S\u00e3o Jos\u00e9 da Lapa, Confins e Pedro Leopoldo.<\/p>\n<p>A concess\u00e3o, cujo prazo previsto \u00e9 de 30 anos, contados a partir da data da transfer\u00eancia da rodovia, inclui, al\u00e9m das pistas centrais e laterais, pontes, viadutos e quaisquer outros elementos que se encontrem na faixa de dom\u00ednio, bem como as \u00e1reas ocupadas com instala\u00e7\u00f5es operacionais e administrativas.<\/p>\n<p>&nbsp;<\/p>\n<p>Fonte: Ag\u00eancia Minas<\/p>\n","protected":false},"excerpt":{"rendered":"<p>O Governo de Minas Gerais, por meio da Secretaria de Estado de Transportes e Obras P\u00fablicas, realizar\u00e1 quatro audi\u00eancias p\u00fablicas de esclarecimentos e sugest\u00f5es \u00e0 minuta de edital e anexos, relativos \u00e0 concess\u00e3o de servi\u00e7os para a explora\u00e7\u00e3o da rodovia MG-424, do entroncamento com a MG-010 at\u00e9 a entrada de Sete Lagoas. No dia 20 [&hellip;]<\/p>\n","protected":false},"author":96,"featured_media":85172,"comment_status":"closed","ping_status":"closed","sticky":false,"template":"","format":"standard","meta":{"footnotes":""},"categories":[252],"tags":[],"class_list":["post-85173","post","type-post","status-publish","format-standard","has-post-thumbnail","hentry","category-regiao"],"_links":{"self":[{"href":"https:\/\/diarioregionaldigital.com.br\/index.php?rest_route=\/wp\/v2\/posts\/85173","targetHints":{"allow":["GET"]}}],"collection":[{"href":"https:\/\/diarioregionaldigital.com.br\/index.php?rest_route=\/wp\/v2\/posts"}],"about":[{"href":"https:\/\/diarioregionaldigital.com.br\/index.php?rest_route=\/wp\/v2\/types\/post"}],"author":[{"embeddable":true,"href":"https:\/\/diarioregionaldigital.com.br\/index.php?rest_route=\/wp\/v2\/users\/96"}],"replies":[{"embeddable":true,"href":"https:\/\/diarioregionaldigital.com.br\/index.php?rest_route=%2Fwp%2Fv2%2Fcomments&post=85173"}],"version-history":[{"count":0,"href":"https:\/\/diarioregionaldigital.com.br\/index.php?rest_route=\/wp\/v2\/posts\/85173\/revisions"}],"wp:featuredmedia":[{"embeddable":true,"href":"https:\/\/diarioregionaldigital.com.br\/index.php?rest_route=\/wp\/v2\/media\/85172"}],"wp:attachment":[{"href":"https:\/\/diarioregionaldigital.com.br\/index.php?rest_route=%2Fwp%2Fv2%2Fmedia&parent=85173"}],"wp:term":[{"taxonomy":"category","embeddable":true,"href":"https:\/\/diarioregionaldigital.com.br\/index.php?rest_route=%2Fwp%2Fv2%2Fcategories&post=85173"},{"taxonomy":"post_tag","embeddable":true,"href":"https:\/\/diarioregionaldigital.com.br\/index.php?rest_route=%2Fwp%2Fv2%2Ftags&post=85173"}],"curies":[{"name":"wp","href":"https:\/\/api.w.org\/{rel}","templated":true}]}}