{"id":85169,"date":"2017-11-13T19:37:20","date_gmt":"2017-11-13T21:37:20","guid":{"rendered":"http:\/\/diarioregionaljf.com.br\/2017\/11\/13\/biblioteca-municipal-murilo-mendes-lanca-projeto-de-troca-de-livros\/"},"modified":"2017-11-13T19:37:20","modified_gmt":"2017-11-13T21:37:20","slug":"biblioteca-municipal-murilo-mendes-lanca-projeto-de-troca-de-livros","status":"publish","type":"post","link":"https:\/\/diarioregionaldigital.com.br\/?p=85169","title":{"rendered":"Biblioteca Municipal \u201cMurilo Mendes\u201d lan\u00e7a projeto de troca de livros"},"content":{"rendered":"<p>A Biblioteca Municipal \u201cMurilo Mendes\u201d (Avenida Get\u00falio Vargas, n\u00ba200, Centro) est\u00e1 lan\u00e7ando mais uma a\u00e7\u00e3o de fomento \u00e0 leitura. A ideia \u00e9 promover a circula\u00e7\u00e3o de obras liter\u00e1rias, por meio do projeto \u201cLivro vai e vem\u201d, no qual as pessoas poder\u00e3o trocar publica\u00e7\u00f5es que j\u00e1 leram por outras disponibilizadas pela institui\u00e7\u00e3o. A estante de trocas permanecer\u00e1 na \u00e1rea de recep\u00e7\u00e3o da biblioteca, durante todo o hor\u00e1rio de funcionamento da unidade, das 8h15 \u00e0s 19h45, de segunda a sexta-feira, e das 8h15 \u00e0s 14h45, nos s\u00e1bados.<\/p>\n<p>\u201cN\u00e3o \u00e9 preciso fazer cadastro ou qualquer tipo de registro. Os interessados devem apenas colocar um livro na estante e retirar outro\u201d, explicou Thais Mendes, funcion\u00e1ria da biblioteca. Ela explicou que os livros destinados ao projeto s\u00e3o t\u00edtulos repetidos no acervo da \u201cMurilo Mendes\u201d e que h\u00e1 op\u00e7\u00f5es para os p\u00fablicos infantil, infantojuvenil e adulto. \u201cTemos romance, suspense, exot\u00e9rico, autoajuda e esp\u00edrita, entre outros\u201d. Segundo ela, mesmo as pessoas que n\u00e3o tiverem livros para doar, podem retirar obras de seu interesse.<\/p>\n<p>A Biblioteca Municipal \u201cMurilo Mendes\u201d \u00e9 um setor da Prefeitura de Juiz de Fora (PJF), gerenciada pela Funda\u00e7\u00e3o Cultural \u201cAlfredo Ferreira Lage\u201d (Funalfa). Concorrendo com mais de 300 a\u00e7\u00f5es de todo o Brasil, a institui\u00e7\u00e3o acaba de ter um de seus projetos de incentivo \u00e0 leitura &#8211; \u201cEscola de Escritores\u201d &#8211; classificado para a final do \u201cPr\u00eamio Pr\u00f3-Livro &#8211; Retratos da Leitura\u201d.<\/p>\n<p>&nbsp;<\/p>\n<p>Fonte: Assessoria<\/p>\n","protected":false},"excerpt":{"rendered":"<p>A Biblioteca Municipal \u201cMurilo Mendes\u201d (Avenida Get\u00falio Vargas, n\u00ba200, Centro) est\u00e1 lan\u00e7ando mais uma a\u00e7\u00e3o de fomento \u00e0 leitura. A ideia \u00e9 promover a circula\u00e7\u00e3o de obras liter\u00e1rias, por meio do projeto \u201cLivro vai e vem\u201d, no qual as pessoas poder\u00e3o trocar publica\u00e7\u00f5es que j\u00e1 leram por outras disponibilizadas pela institui\u00e7\u00e3o. A estante de trocas [&hellip;]<\/p>\n","protected":false},"author":96,"featured_media":85168,"comment_status":"closed","ping_status":"closed","sticky":false,"template":"","format":"standard","meta":{"footnotes":""},"categories":[256],"tags":[],"class_list":["post-85169","post","type-post","status-publish","format-standard","has-post-thumbnail","hentry","category-cultura"],"_links":{"self":[{"href":"https:\/\/diarioregionaldigital.com.br\/index.php?rest_route=\/wp\/v2\/posts\/85169","targetHints":{"allow":["GET"]}}],"collection":[{"href":"https:\/\/diarioregionaldigital.com.br\/index.php?rest_route=\/wp\/v2\/posts"}],"about":[{"href":"https:\/\/diarioregionaldigital.com.br\/index.php?rest_route=\/wp\/v2\/types\/post"}],"author":[{"embeddable":true,"href":"https:\/\/diarioregionaldigital.com.br\/index.php?rest_route=\/wp\/v2\/users\/96"}],"replies":[{"embeddable":true,"href":"https:\/\/diarioregionaldigital.com.br\/index.php?rest_route=%2Fwp%2Fv2%2Fcomments&post=85169"}],"version-history":[{"count":0,"href":"https:\/\/diarioregionaldigital.com.br\/index.php?rest_route=\/wp\/v2\/posts\/85169\/revisions"}],"wp:featuredmedia":[{"embeddable":true,"href":"https:\/\/diarioregionaldigital.com.br\/index.php?rest_route=\/wp\/v2\/media\/85168"}],"wp:attachment":[{"href":"https:\/\/diarioregionaldigital.com.br\/index.php?rest_route=%2Fwp%2Fv2%2Fmedia&parent=85169"}],"wp:term":[{"taxonomy":"category","embeddable":true,"href":"https:\/\/diarioregionaldigital.com.br\/index.php?rest_route=%2Fwp%2Fv2%2Fcategories&post=85169"},{"taxonomy":"post_tag","embeddable":true,"href":"https:\/\/diarioregionaldigital.com.br\/index.php?rest_route=%2Fwp%2Fv2%2Ftags&post=85169"}],"curies":[{"name":"wp","href":"https:\/\/api.w.org\/{rel}","templated":true}]}}