{"id":85167,"date":"2017-11-13T19:25:55","date_gmt":"2017-11-13T21:25:55","guid":{"rendered":"http:\/\/diarioregionaljf.com.br\/2017\/11\/13\/comissao-aprova-inclusao-de-insalubridade-no-calculo-da-aposentadoria-por-idade\/"},"modified":"2017-11-13T19:25:55","modified_gmt":"2017-11-13T21:25:55","slug":"comissao-aprova-inclusao-de-insalubridade-no-calculo-da-aposentadoria-por-idade","status":"publish","type":"post","link":"https:\/\/diarioregionaldigital.com.br\/?p=85167","title":{"rendered":"Comiss\u00e3o aprova inclus\u00e3o de insalubridade no c\u00e1lculo da aposentadoria por idade"},"content":{"rendered":"<p>A Comiss\u00e3o de Seguridade Social e Fam\u00edlia aprovou proposta que permite computar no c\u00e1lculo para aposentadoria por idade o tempo de trabalho prejudicial \u00e0 sa\u00fade exercido at\u00e9 28 de maio de 1998.<\/p>\n<p>O texto aprovado \u00e9 o substitutivo do deputado Alan Rick (DEM-AC) ao Projeto de Lei 4698\/09, do deputado Cleber Verde (PRB-MA) e ao PL 6098\/09, apensado.<\/p>\n<p>Rick explica que o Regulamento da Previd\u00eancia Social (Decreto 3.048\/99) j\u00e1 permite isso. \u201cNo entanto, n\u00e3o houve atualiza\u00e7\u00e3o da Lei 9.711\/98, que permanece com a reda\u00e7\u00e3o contr\u00e1ria ao que consta no Regulamento da Previd\u00eancia Social\u201d, explicou.<\/p>\n<p>\u201cPor medida de seguran\u00e7a jur\u00eddica, julgamos oportuno que esse dispositivo seja alterado para que a atual regra de convers\u00e3o do tempo de atividade especial esteja bem detalhada em lei\u201d, completou.<\/p>\n<p>&nbsp;<\/p>\n<h4>TRAMITA\u00c7\u00c3O<\/h4>\n<p>J\u00e1 aprovada pela Comiss\u00e3o de Defesa dos Direitos da Pessoa Idosa, a proposta ainda ser\u00e1 analisada em car\u00e1ter conclusivo pelas comiss\u00f5es de Finan\u00e7as e Tributa\u00e7\u00e3o; e de Constitui\u00e7\u00e3o e Justi\u00e7a e de Cidadania.<\/p>\n<p>Fonte: Ag\u00eancia C\u00e2mara Not\u00edcias<\/p>\n","protected":false},"excerpt":{"rendered":"<p>A Comiss\u00e3o de Seguridade Social e Fam\u00edlia aprovou proposta que permite computar no c\u00e1lculo para aposentadoria por idade o tempo de trabalho prejudicial \u00e0 sa\u00fade exercido at\u00e9 28 de maio de 1998. O texto aprovado \u00e9 o substitutivo do deputado Alan Rick (DEM-AC) ao Projeto de Lei 4698\/09, do deputado Cleber Verde (PRB-MA) e ao [&hellip;]<\/p>\n","protected":false},"author":96,"featured_media":85166,"comment_status":"closed","ping_status":"closed","sticky":false,"template":"","format":"standard","meta":{"footnotes":""},"categories":[254],"tags":[],"class_list":["post-85167","post","type-post","status-publish","format-standard","has-post-thumbnail","hentry","category-politica"],"_links":{"self":[{"href":"https:\/\/diarioregionaldigital.com.br\/index.php?rest_route=\/wp\/v2\/posts\/85167","targetHints":{"allow":["GET"]}}],"collection":[{"href":"https:\/\/diarioregionaldigital.com.br\/index.php?rest_route=\/wp\/v2\/posts"}],"about":[{"href":"https:\/\/diarioregionaldigital.com.br\/index.php?rest_route=\/wp\/v2\/types\/post"}],"author":[{"embeddable":true,"href":"https:\/\/diarioregionaldigital.com.br\/index.php?rest_route=\/wp\/v2\/users\/96"}],"replies":[{"embeddable":true,"href":"https:\/\/diarioregionaldigital.com.br\/index.php?rest_route=%2Fwp%2Fv2%2Fcomments&post=85167"}],"version-history":[{"count":0,"href":"https:\/\/diarioregionaldigital.com.br\/index.php?rest_route=\/wp\/v2\/posts\/85167\/revisions"}],"wp:featuredmedia":[{"embeddable":true,"href":"https:\/\/diarioregionaldigital.com.br\/index.php?rest_route=\/wp\/v2\/media\/85166"}],"wp:attachment":[{"href":"https:\/\/diarioregionaldigital.com.br\/index.php?rest_route=%2Fwp%2Fv2%2Fmedia&parent=85167"}],"wp:term":[{"taxonomy":"category","embeddable":true,"href":"https:\/\/diarioregionaldigital.com.br\/index.php?rest_route=%2Fwp%2Fv2%2Fcategories&post=85167"},{"taxonomy":"post_tag","embeddable":true,"href":"https:\/\/diarioregionaldigital.com.br\/index.php?rest_route=%2Fwp%2Fv2%2Ftags&post=85167"}],"curies":[{"name":"wp","href":"https:\/\/api.w.org\/{rel}","templated":true}]}}