{"id":84838,"date":"2017-11-08T20:27:04","date_gmt":"2017-11-08T22:27:04","guid":{"rendered":"http:\/\/diarioregionaljf.com.br\/2017\/11\/08\/proprietaria-da-multsaude-e-uma-das-homenageadas-do-premio-josino-aragao\/"},"modified":"2017-11-08T20:27:04","modified_gmt":"2017-11-08T22:27:04","slug":"proprietaria-da-multsaude-e-uma-das-homenageadas-do-premio-josino-aragao","status":"publish","type":"post","link":"https:\/\/diarioregionaldigital.com.br\/?p=84838","title":{"rendered":"Propriet\u00e1ria da MultSa\u00fade \u00e9 uma das homenageadas do Pr\u00eamio Josino Arag\u00e3o"},"content":{"rendered":"<p>Ap\u00f3s analisar v\u00e1rios segmentos junto dos apoiadores do Pr\u00eamio Josino Arag\u00e3o, nossa s\u00e9rie de reportagens narra a trajet\u00f3ria de uma das homenageadas da premia\u00e7\u00e3o, Marcelle Oliveira, propriet\u00e1ria da MultSa\u00fade.<\/p>\n<p>H\u00e1 11 anos, a advogada de forma\u00e7\u00e3o, junto de seu marido, dentista, idealizou um projeto que lhe tiraria do autonomismo da advocacia. \u201cEnt\u00e3o, a gente criou uma empresa que fosse capaz de dar uma assist\u00eancia m\u00e9dica-odontol\u00f3gica\u201d, contou Marcelle. Por\u00e9m, por ter acompanhado as dificuldades de sua fam\u00edlia para manter um plano de sa\u00fade, cresceu na empreendedora a vontade de reverter essa situa\u00e7\u00e3o para as demais fam\u00edlias.<\/p>\n<p>\u201cEu venho de uma fam\u00edlia de classe m\u00e9dia baixa e a minha vinda inteira vi minha m\u00e3e sacrificar tudo para poder pagar por um plano de sa\u00fade caro. Eu nunca concordei com isso, principalmente depois que ela n\u00e3o conseguir pagar mais ap\u00f3s 20 anos\u201d, disse Marcele. \u201cEu tenho uma cren\u00e7a de que \u00e9 poss\u00edvel ter acesso a sa\u00fade de qualidade por um pre\u00e7o justo e que as fam\u00edlias com renda baixa n\u00e3o precisassem sacrificar tudo em prol disso. Foi dessa cren\u00e7a que nasceu a MultSa\u00fade\u201d, acrescentou.<\/p>\n<p>A empresa foi criada em Matias Barbosa. No munic\u00edpio de 17 mil habitantes, a MultSa\u00fade alcan\u00e7ou a marca de oito mil usu\u00e1rios. \u201c\u00c9 um n\u00famero relevante. Quase metade da cidade utiliza os nossos servi\u00e7os\u201d, exclamou a empreendedora.<\/p>\n<p>Em 2015, a MultSa\u00fade expandiu o neg\u00f3cio e chegou a Juiz de Fora. \u201cQuando a gente chegou a Juiz de Fora, em seis meses de trabalho, a gente bateu esse n\u00famero de Matias\u201d, revelou Marcelle. \u201cJuiz de Fora foi uma cidade acolhedora. Sabemos que aqui tinha um nicho de servi\u00e7o de sa\u00fade de qualidade, mas com a resposta que a gente teve no in\u00edcio mostra que a popula\u00e7\u00e3o buscava por esse segmento\u201d, completou.<\/p>\n<p>Atualmente, a MultSa\u00fade possui uma sede cl\u00ednica m\u00e9dica-odontol\u00f3gica e cinco franquias. \u201cEu costumo dizer que somos um elo que liga a pessoa comum a sa\u00fade de qualidade e integrada com o custo que ela pode pagar\u201d, ressaltou.<\/p>\n<p>Nesta sexta-feira, 10, durante a 2\u00aa edi\u00e7\u00e3o do Pr\u00eamio Josino Arag\u00e3o, Marcelle Oliveira ser\u00e1 uma das homenageadas. \u201cEu estive na premia\u00e7\u00e3o no ano passado como convidada. Eu olhava para o palco e dizia que estaria l\u00e1\u201d, contou a empreendedora. \u201cA caminhada de um empreendedor \u00e9 maravilhosa e cheia de aventura, mas tamb\u00e9m \u00e9 \u00e1rdua e pesada. Pr\u00eamios como este validam o nosso trajeto e o renova, ent\u00e3o estou realmente muito feliz [com a homenagem]\u201d, finalizou.<\/p>\n<p>&nbsp;<\/p>\n<h4>PR\u00caMIO JOSINO ARAG\u00c3O<\/h4>\n<p>O Trof\u00e9u Josino Arag\u00e3o foi criado pelo Sistema Regional de Comunica\u00e7\u00e3o (Sircom) e, este ano, realiza sua segunda edi\u00e7\u00e3o. A premia\u00e7\u00e3o, que leva o nome do fundador do Sircom, Josino Arag\u00e3o, falecido em 2007, visa destacar e homenagear empresas e pessoas que ajudam a desenvolver o munic\u00edpio de Juiz de Fora.<\/p>\n","protected":false},"excerpt":{"rendered":"<p>Ap\u00f3s analisar v\u00e1rios segmentos junto dos apoiadores do Pr\u00eamio Josino Arag\u00e3o, nossa s\u00e9rie de reportagens narra a trajet\u00f3ria de uma das homenageadas da premia\u00e7\u00e3o, Marcelle Oliveira, propriet\u00e1ria da MultSa\u00fade. H\u00e1 11 anos, a advogada de forma\u00e7\u00e3o, junto de seu marido, dentista, idealizou um projeto que lhe tiraria do autonomismo da advocacia. \u201cEnt\u00e3o, a gente criou [&hellip;]<\/p>\n","protected":false},"author":96,"featured_media":84837,"comment_status":"closed","ping_status":"closed","sticky":false,"template":"","format":"standard","meta":{"footnotes":""},"categories":[253],"tags":[],"class_list":["post-84838","post","type-post","status-publish","format-standard","has-post-thumbnail","hentry","category-cidade"],"_links":{"self":[{"href":"https:\/\/diarioregionaldigital.com.br\/index.php?rest_route=\/wp\/v2\/posts\/84838","targetHints":{"allow":["GET"]}}],"collection":[{"href":"https:\/\/diarioregionaldigital.com.br\/index.php?rest_route=\/wp\/v2\/posts"}],"about":[{"href":"https:\/\/diarioregionaldigital.com.br\/index.php?rest_route=\/wp\/v2\/types\/post"}],"author":[{"embeddable":true,"href":"https:\/\/diarioregionaldigital.com.br\/index.php?rest_route=\/wp\/v2\/users\/96"}],"replies":[{"embeddable":true,"href":"https:\/\/diarioregionaldigital.com.br\/index.php?rest_route=%2Fwp%2Fv2%2Fcomments&post=84838"}],"version-history":[{"count":0,"href":"https:\/\/diarioregionaldigital.com.br\/index.php?rest_route=\/wp\/v2\/posts\/84838\/revisions"}],"wp:featuredmedia":[{"embeddable":true,"href":"https:\/\/diarioregionaldigital.com.br\/index.php?rest_route=\/wp\/v2\/media\/84837"}],"wp:attachment":[{"href":"https:\/\/diarioregionaldigital.com.br\/index.php?rest_route=%2Fwp%2Fv2%2Fmedia&parent=84838"}],"wp:term":[{"taxonomy":"category","embeddable":true,"href":"https:\/\/diarioregionaldigital.com.br\/index.php?rest_route=%2Fwp%2Fv2%2Fcategories&post=84838"},{"taxonomy":"post_tag","embeddable":true,"href":"https:\/\/diarioregionaldigital.com.br\/index.php?rest_route=%2Fwp%2Fv2%2Ftags&post=84838"}],"curies":[{"name":"wp","href":"https:\/\/api.w.org\/{rel}","templated":true}]}}