{"id":84826,"date":"2017-11-08T18:30:00","date_gmt":"2017-11-08T20:30:00","guid":{"rendered":"http:\/\/diarioregionaljf.com.br\/2017\/11\/08\/stf-mantem-multa-de-condenado-no-processo-do-mensalao-mesmo-com-indulto\/"},"modified":"2017-11-08T18:30:00","modified_gmt":"2017-11-08T20:30:00","slug":"stf-mantem-multa-de-condenado-no-processo-do-mensalao-mesmo-com-indulto","status":"publish","type":"post","link":"https:\/\/diarioregionaldigital.com.br\/?p=84826","title":{"rendered":"STF mant\u00e9m multa de condenado no processo do mensal\u00e3o mesmo com indulto"},"content":{"rendered":"<p>O Supremo Tribunal Federal (STF) decidiu nessa quarta-feira, 8, que condenados n\u00e3o ficam livres do pagamento das multas oriundas do processo ao receberem indulto anual editado pela Presid\u00eancia da Rep\u00fablica. Por maioria, a Corte negou recurso protocolado pelo ex-tesoureiro do extinto PL, Jacinto Lamas, condenado na A\u00e7\u00e3o Penal 470, o processo do mensal\u00e3o, em 2013, para deixar de fazer o pagamento parcelado de R$370 mil, ap\u00f3s ter recebido o benef\u00edcio.<\/p>\n<p>No caso julgado, a defesa de Lamas alegou que a extin\u00e7\u00e3o da pena de pris\u00e3o tamb\u00e9m vale para afastar a continuidade do pagamento da multa. No entanto, seguindo voto proferido pelo relator do caso, ministro Lu\u00eds Roberto Barroso, o STF entendeu que a multa deve ser paga integralmente, mesmo ap\u00f3s o indulto, porque o condenado optou por parcelar o valor definido na condena\u00e7\u00e3o, uma das condi\u00e7\u00f5es para progredir de regime de pris\u00e3o.<\/p>\n<p>No julgamento do mensal\u00e3o, Lamas foi condenado pelo STF a cinco anos de pris\u00e3o em regime semi-aberto por lavagem de dinheiro.<\/p>\n<p>Fonte: Ag\u00eancia Brasil<\/p>\n","protected":false},"excerpt":{"rendered":"<p>O Supremo Tribunal Federal (STF) decidiu nessa quarta-feira, 8, que condenados n\u00e3o ficam livres do pagamento das multas oriundas do processo ao receberem indulto anual editado pela Presid\u00eancia da Rep\u00fablica. Por maioria, a Corte negou recurso protocolado pelo ex-tesoureiro do extinto PL, Jacinto Lamas, condenado na A\u00e7\u00e3o Penal 470, o processo do mensal\u00e3o, em 2013, [&hellip;]<\/p>\n","protected":false},"author":96,"featured_media":84825,"comment_status":"closed","ping_status":"closed","sticky":false,"template":"","format":"standard","meta":{"footnotes":""},"categories":[254],"tags":[],"class_list":["post-84826","post","type-post","status-publish","format-standard","has-post-thumbnail","hentry","category-politica"],"_links":{"self":[{"href":"https:\/\/diarioregionaldigital.com.br\/index.php?rest_route=\/wp\/v2\/posts\/84826","targetHints":{"allow":["GET"]}}],"collection":[{"href":"https:\/\/diarioregionaldigital.com.br\/index.php?rest_route=\/wp\/v2\/posts"}],"about":[{"href":"https:\/\/diarioregionaldigital.com.br\/index.php?rest_route=\/wp\/v2\/types\/post"}],"author":[{"embeddable":true,"href":"https:\/\/diarioregionaldigital.com.br\/index.php?rest_route=\/wp\/v2\/users\/96"}],"replies":[{"embeddable":true,"href":"https:\/\/diarioregionaldigital.com.br\/index.php?rest_route=%2Fwp%2Fv2%2Fcomments&post=84826"}],"version-history":[{"count":0,"href":"https:\/\/diarioregionaldigital.com.br\/index.php?rest_route=\/wp\/v2\/posts\/84826\/revisions"}],"wp:featuredmedia":[{"embeddable":true,"href":"https:\/\/diarioregionaldigital.com.br\/index.php?rest_route=\/wp\/v2\/media\/84825"}],"wp:attachment":[{"href":"https:\/\/diarioregionaldigital.com.br\/index.php?rest_route=%2Fwp%2Fv2%2Fmedia&parent=84826"}],"wp:term":[{"taxonomy":"category","embeddable":true,"href":"https:\/\/diarioregionaldigital.com.br\/index.php?rest_route=%2Fwp%2Fv2%2Fcategories&post=84826"},{"taxonomy":"post_tag","embeddable":true,"href":"https:\/\/diarioregionaldigital.com.br\/index.php?rest_route=%2Fwp%2Fv2%2Ftags&post=84826"}],"curies":[{"name":"wp","href":"https:\/\/api.w.org\/{rel}","templated":true}]}}