{"id":84824,"date":"2017-11-08T18:24:45","date_gmt":"2017-11-08T20:24:45","guid":{"rendered":"http:\/\/diarioregionaljf.com.br\/2017\/11\/08\/pm-apreende-drogas-durante-busca-a-suspeitos-de-homicidio-no-sao-benedito\/"},"modified":"2017-11-08T18:24:45","modified_gmt":"2017-11-08T20:24:45","slug":"pm-apreende-drogas-durante-busca-a-suspeitos-de-homicidio-no-sao-benedito","status":"publish","type":"post","link":"https:\/\/diarioregionaldigital.com.br\/?p=84824","title":{"rendered":"PM apreende drogas durante busca a suspeitos de homic\u00eddio no S\u00e3o Benedito"},"content":{"rendered":"<p>A Pol\u00edcia Militar (PM) apreendeu uma barra e duas buchas de maconha em uma resid\u00eancia na Rua S\u00e3o Louren\u00e7o, bairro S\u00e3o Benedito, zona Leste, durante buscas efetuadas aos suspeitos do <a href=\"policial\/21047-homem-e-morto-a-tiros-no-sao-benedito\" target=\"_blank\" rel=\"noopener noreferrer\">homic\u00eddio ocorrido no bairro na tarde dessa ter\u00e7a-feira, 7<\/a>.<\/p>\n<p>Segundo informa\u00e7\u00f5es da PM, durante atendimento da ocorr\u00eancia do crime, os militares receberam informa\u00e7\u00f5es de quem seriam os poss\u00edveis suspeitos do assassinato e de que eles poderiam estar escondidos na referida resid\u00eancia.<\/p>\n<p>Uma equipe se deslocou ao local e, por meio de uma fresta na porta, observou-se que havia uma barra de maconha em cima de um colch\u00e3o no ch\u00e3o da sala. Diante dos fatos e em vista do flagrante de tr\u00e1fico de drogas, os militares entraram na casa.<\/p>\n<p>Ap\u00f3s buscas, foram encontradas duas buchas de maconha, um coldre para arma de porte, um bin\u00f3culo &#8211; normalmente utilizado para observar a movimenta\u00e7\u00e3o de pessoas -, um cartucho deflagrado de calibre.38, uma lanterna e sacolas usadas para dolagem de drogas.<\/p>\n<p>N\u00e3o havia ningu\u00e9m no im\u00f3vel, mas fotos e diversos documentos foram apreendidos no local. Todo o material localizado foi encaminhado \u00e0 delegacia de pol\u00edcia para as provid\u00eancias cab\u00edveis.<\/p>\n","protected":false},"excerpt":{"rendered":"<p>A Pol\u00edcia Militar (PM) apreendeu uma barra e duas buchas de maconha em uma resid\u00eancia na Rua S\u00e3o Louren\u00e7o, bairro S\u00e3o Benedito, zona Leste, durante buscas efetuadas aos suspeitos do homic\u00eddio ocorrido no bairro na tarde dessa ter\u00e7a-feira, 7. Segundo informa\u00e7\u00f5es da PM, durante atendimento da ocorr\u00eancia do crime, os militares receberam informa\u00e7\u00f5es de quem [&hellip;]<\/p>\n","protected":false},"author":96,"featured_media":84823,"comment_status":"closed","ping_status":"closed","sticky":false,"template":"","format":"standard","meta":{"footnotes":""},"categories":[301],"tags":[],"class_list":["post-84824","post","type-post","status-publish","format-standard","has-post-thumbnail","hentry","category-artigos-policiais"],"_links":{"self":[{"href":"https:\/\/diarioregionaldigital.com.br\/index.php?rest_route=\/wp\/v2\/posts\/84824","targetHints":{"allow":["GET"]}}],"collection":[{"href":"https:\/\/diarioregionaldigital.com.br\/index.php?rest_route=\/wp\/v2\/posts"}],"about":[{"href":"https:\/\/diarioregionaldigital.com.br\/index.php?rest_route=\/wp\/v2\/types\/post"}],"author":[{"embeddable":true,"href":"https:\/\/diarioregionaldigital.com.br\/index.php?rest_route=\/wp\/v2\/users\/96"}],"replies":[{"embeddable":true,"href":"https:\/\/diarioregionaldigital.com.br\/index.php?rest_route=%2Fwp%2Fv2%2Fcomments&post=84824"}],"version-history":[{"count":0,"href":"https:\/\/diarioregionaldigital.com.br\/index.php?rest_route=\/wp\/v2\/posts\/84824\/revisions"}],"wp:featuredmedia":[{"embeddable":true,"href":"https:\/\/diarioregionaldigital.com.br\/index.php?rest_route=\/wp\/v2\/media\/84823"}],"wp:attachment":[{"href":"https:\/\/diarioregionaldigital.com.br\/index.php?rest_route=%2Fwp%2Fv2%2Fmedia&parent=84824"}],"wp:term":[{"taxonomy":"category","embeddable":true,"href":"https:\/\/diarioregionaldigital.com.br\/index.php?rest_route=%2Fwp%2Fv2%2Fcategories&post=84824"},{"taxonomy":"post_tag","embeddable":true,"href":"https:\/\/diarioregionaldigital.com.br\/index.php?rest_route=%2Fwp%2Fv2%2Ftags&post=84824"}],"curies":[{"name":"wp","href":"https:\/\/api.w.org\/{rel}","templated":true}]}}