{"id":84806,"date":"2017-11-08T16:58:09","date_gmt":"2017-11-08T18:58:09","guid":{"rendered":"http:\/\/diarioregionaljf.com.br\/2017\/11\/08\/mulheres-sao-levadas-no-porta-malas-e-deixadas-amarradas-em-rodovia-durante-roubo-de-carro\/"},"modified":"2017-11-08T16:58:09","modified_gmt":"2017-11-08T18:58:09","slug":"mulheres-sao-levadas-no-porta-malas-e-deixadas-amarradas-em-rodovia-durante-roubo-de-carro","status":"publish","type":"post","link":"https:\/\/diarioregionaldigital.com.br\/?p=84806","title":{"rendered":"Mulheres s\u00e3o levadas no porta-malas e deixadas amarradas em rodovia durante roubo de carro"},"content":{"rendered":"<p>Uma mulher de 37 anos e duas adolescentes de 15 anos viveram momentos de terror durante a madrugada desta quarta-feira, 8. Elas foram rendidas por um homem armado e obrigadas a entrar no porta-malas do pr\u00f3prio carro. Depois de mais de duas horas, as tr\u00eas foram amarradas e abandonadas na beira da estrada, a cerca de 140 quil\u00f4metros de Patos de Minas.<\/p>\n<p>A Pol\u00edcia Militar (PM) foi acionada por volta de 1h55 desta madrugada. O homem que fez a solicita\u00e7\u00e3o informou que a namorada saiu de sua resid\u00eancia na Rua Jesus de Nazar\u00e9, em Patos de Minas, junto com a filha e uma amiga dela para buscar uma roupa e n\u00e3o retornaram. Ele informou que tentou contato telef\u00f4nico, mas que o n\u00famero estava na caixa postal.<\/p>\n<p>Os policiais foram at\u00e9 a casa no bairro Brasil onde as mulheres foram buscar a roupa e a m\u00e3e da adolescente informou que elas estiveram l\u00e1, pegaram a roupa e sa\u00edram em seguida. A Pol\u00edcia Militar montou uma opera\u00e7\u00e3o de cerco e bloqueio e por volta de 4h receberam informa\u00e7\u00f5es de que as mulheres foram localizadas em um posto de combust\u00edvel na cidade de Luizl\u00e2ndia do Oeste, a 138 quil\u00f4metros de Patos de Minas.<\/p>\n<p>Por telefone, a mulher informou que foi abordada pelo assaltante quando voltava para casa na Rua Jesus de Nazar\u00e9. A adolescente teria descido do carro para abrir o port\u00e3o e foi rendida pelo homem armado com um rev\u00f3lver. A mulher e as duas garotas foram obrigadas a entrar no porta-malas. Como n\u00e3o conseguiu dirigir o ve\u00edculo, o criminoso obrigou a mulher a dirigir at\u00e9 a Rua Jos\u00e9 Cassiano Caixeta, onde um casal aguardava.<\/p>\n<p>A v\u00edtima foi colocada novamente no porta-malas e o segundo assaltante assumiu a dire\u00e7\u00e3o. No meio do caminho, a mulher pediu para usar o banheiro. Eles pararam em um posto de combust\u00edvel e chegaram a dizer que iam libertar as v\u00edtimas, mas perceberam que elas estavam com um telefone. Os bandidos quebraram o telefone e levaram novamente as v\u00edtimas para o porta-malas.<\/p>\n<p>Os assaltantes chegaram a parar em um posto para abastecer o ve\u00edculo e algum tempo depois abandonaram a mulher e as duas adolescentes amarradas. Eles disseram que n\u00e3o iriam machuc\u00e1-las, mas levaram os brincos e an\u00e9is que elas usavam. Parentes foram at\u00e9 o local e buscaram as tr\u00eas v\u00edtimas.<\/p>\n<p>Os criminosos informaram que abandonariam o ve\u00edculo logo na frente, mas at\u00e9 o momento o Corsa Classic de cor prata n\u00e3o foi localizado. Rastreamentos continuam sendo feitos na tentativa de localizar e prender os criminosos. Quem tiver qualquer informa\u00e7\u00e3o deve ligar no 190.<\/p>\n<p>&nbsp;<\/p>\n<p>Fonte: Assessoria<\/p>\n","protected":false},"excerpt":{"rendered":"<p>Uma mulher de 37 anos e duas adolescentes de 15 anos viveram momentos de terror durante a madrugada desta quarta-feira, 8. Elas foram rendidas por um homem armado e obrigadas a entrar no porta-malas do pr\u00f3prio carro. Depois de mais de duas horas, as tr\u00eas foram amarradas e abandonadas na beira da estrada, a cerca [&hellip;]<\/p>\n","protected":false},"author":96,"featured_media":84805,"comment_status":"closed","ping_status":"closed","sticky":false,"template":"","format":"standard","meta":{"footnotes":""},"categories":[252],"tags":[],"class_list":["post-84806","post","type-post","status-publish","format-standard","has-post-thumbnail","hentry","category-regiao"],"_links":{"self":[{"href":"https:\/\/diarioregionaldigital.com.br\/index.php?rest_route=\/wp\/v2\/posts\/84806","targetHints":{"allow":["GET"]}}],"collection":[{"href":"https:\/\/diarioregionaldigital.com.br\/index.php?rest_route=\/wp\/v2\/posts"}],"about":[{"href":"https:\/\/diarioregionaldigital.com.br\/index.php?rest_route=\/wp\/v2\/types\/post"}],"author":[{"embeddable":true,"href":"https:\/\/diarioregionaldigital.com.br\/index.php?rest_route=\/wp\/v2\/users\/96"}],"replies":[{"embeddable":true,"href":"https:\/\/diarioregionaldigital.com.br\/index.php?rest_route=%2Fwp%2Fv2%2Fcomments&post=84806"}],"version-history":[{"count":0,"href":"https:\/\/diarioregionaldigital.com.br\/index.php?rest_route=\/wp\/v2\/posts\/84806\/revisions"}],"wp:featuredmedia":[{"embeddable":true,"href":"https:\/\/diarioregionaldigital.com.br\/index.php?rest_route=\/wp\/v2\/media\/84805"}],"wp:attachment":[{"href":"https:\/\/diarioregionaldigital.com.br\/index.php?rest_route=%2Fwp%2Fv2%2Fmedia&parent=84806"}],"wp:term":[{"taxonomy":"category","embeddable":true,"href":"https:\/\/diarioregionaldigital.com.br\/index.php?rest_route=%2Fwp%2Fv2%2Fcategories&post=84806"},{"taxonomy":"post_tag","embeddable":true,"href":"https:\/\/diarioregionaldigital.com.br\/index.php?rest_route=%2Fwp%2Fv2%2Ftags&post=84806"}],"curies":[{"name":"wp","href":"https:\/\/api.w.org\/{rel}","templated":true}]}}