{"id":84804,"date":"2017-11-08T16:57:46","date_gmt":"2017-11-08T18:57:46","guid":{"rendered":"http:\/\/diarioregionaljf.com.br\/2017\/11\/08\/ministerio-anuncia-edital-para-informatizar-unidades-basicas-de-saude\/"},"modified":"2017-11-08T16:57:46","modified_gmt":"2017-11-08T18:57:46","slug":"ministerio-anuncia-edital-para-informatizar-unidades-basicas-de-saude","status":"publish","type":"post","link":"https:\/\/diarioregionaldigital.com.br\/?p=84804","title":{"rendered":"Minist\u00e9rio anuncia edital para informatizar unidades b\u00e1sicas de sa\u00fade"},"content":{"rendered":"<p>O Minist\u00e9rio da Sa\u00fade anunciou nessa quarta-feira, 8, o edital para o credenciamento de empresas interessadas em oferecer servi\u00e7os de informatiza\u00e7\u00e3o para unidades b\u00e1sicas de sa\u00fade (UBSs) de todo o pa\u00eds. Com a medida, todos os munic\u00edpios poder\u00e3o aderir ao prontu\u00e1rio eletr\u00f4nico e a integra\u00e7\u00e3o nacional de dados da Aten\u00e7\u00e3o B\u00e1sica. O objetivo do governo \u00e9 informatizar 100% das unidades at\u00e9 o final de 2018.<\/p>\n<p>Empresas das cinco regi\u00f5es do pa\u00eds, independentemente do porte, poder\u00e3o se cadastrar para oferecer todo o suporte de inform\u00e1tica, como conectividade, equipamentos, manuten\u00e7\u00e3o e treinamento de pessoas. Elas dever\u00e3o informar as caracter\u00edsticas e funcionalidades de suas solu\u00e7\u00f5es e os munic\u00edpios onde pretendem atuar, o que permite que empresas com alcance regional tamb\u00e9m sejam contempladas.<\/p>\n<p>O edital de credenciamento est\u00e1 dispon\u00edvel na <a href=\"http:\/\/portalms.saude.gov.br\/audiencias-e-consultas-publicas\/41781-ministerio-da-saude-abre-credenciamento-referente-ao-programa-de-informatizacao-das-unidades-basicas-de-saude-de-todo-o-pais\">p\u00e1gina do Minist\u00e9rio da Sa\u00fade<\/a>. A previs\u00e3o da pasta \u00e9 de que no in\u00edcio de dezembro os munic\u00edpios comecem a ades\u00e3o e a escolha do projeto que melhor atenda a cada realidade.<\/p>\n<p>O investimento inicial ser\u00e1 de R$1,5 bilh\u00e3o por ano e alcan\u00e7ar\u00e1 R$3,4 bilh\u00f5es por ano em 2019. \u201cMas isso levar\u00e1 a uma economia muito significativa\u201d, disse o ministro da Sa\u00fade, Ricardo Barros, que estima que a medida chegue a poupar R$22 bilh\u00f5es por ano aos cofres p\u00fablicos. Isso porque a ades\u00e3o ao sistema eletr\u00f4nico evitar\u00e1 repeti\u00e7\u00e3o de exames e encaminhamentos desnecess\u00e1rios, por exemplo.<\/p>\n<p>O Minist\u00e9rio da Sa\u00fade pagar\u00e1 um valor mensal \u00e0s empresas pelo servi\u00e7o, em um contrato que deve durar 60 meses. Os repasses devem variar de R$4 mil a R$7 mil mensais para uma UBS padr\u00e3o, de acordo com a estrutura e dispositivos necess\u00e1rios a cada unidade, al\u00e9m do n\u00edvel de dificuldade em implantar o sistema de informatiza\u00e7\u00e3o no munic\u00edpio.<\/p>\n<p>Pelo projeto, todas as 42,4 mil UBSs em funcionamento poder\u00e3o ser contempladas, inclusive com apoio de custeio para a manuten\u00e7\u00e3o dos servi\u00e7os digitais j\u00e1 oferecidos. Hoje, 35% das unidades j\u00e1 enviam dados por meio do prontu\u00e1rio eletr\u00f4nico. O Minist\u00e9rio da Sa\u00fade oferece gratuitamente o sistema e-SUS Aten\u00e7\u00e3o B\u00e1sica (e-SUS AB), mas os munic\u00edpios podem optar por desenvolver ou utilizar sistemas pr\u00f3prios.<\/p>\n<p>Para as prefeituras que n\u00e3o tiverem informatiza\u00e7\u00e3o na sa\u00fade, o minist\u00e9rio pagar\u00e1 o valor total \u00e0 empresa fornecedora do servi\u00e7o e descontar\u00e1 at\u00e9 50% do montante do repasse do Piso da Aten\u00e7\u00e3o B\u00e1sica do munic\u00edpio. O munic\u00edpio que j\u00e1 possui unidades de sa\u00fade informatizadas poder\u00e1 receber da pasta at\u00e9 50% do valor para auxiliar no custeio da informatiza\u00e7\u00e3o existente, desde que os dados sejam mensalmente enviados ao Minist\u00e9rio da Sa\u00fade.<\/p>\n<p>Todas as informa\u00e7\u00f5es de atendimento do paciente, como prescri\u00e7\u00e3o de medicamentos, exames e consultas, ficar\u00e3o registradas e poder\u00e3o ser consultados em qualquer UBS do pa\u00eds.<\/p>\n<p>Al\u00e9m disso, para o ministro Ricardo Barros, o conjunto de informa\u00e7\u00f5es sobre a sa\u00fade dos brasileiros tamb\u00e9m contribuir\u00e1 para a ci\u00eancia, a pesquisa e o desenvolvimento de pol\u00edticas p\u00fablicas. \u201cTemos um banco de dados de 200 milh\u00f5es de pessoas\u201d, ressaltou Barros. Ele contou ainda que o sistema das UBSs ser\u00e1 integrado aos de hospitais e ambulat\u00f3rios, inclusive com dados de pessoas que n\u00e3o utilizam o Sistema \u00danico de Sa\u00fade (SUS), para a constru\u00e7\u00e3o de um banco de estat\u00edsticas de epidemiologia.<\/p>\n<p>Fonte: Ag\u00eancia Brasil<\/p>\n","protected":false},"excerpt":{"rendered":"<p>O Minist\u00e9rio da Sa\u00fade anunciou nessa quarta-feira, 8, o edital para o credenciamento de empresas interessadas em oferecer servi\u00e7os de informatiza\u00e7\u00e3o para unidades b\u00e1sicas de sa\u00fade (UBSs) de todo o pa\u00eds. Com a medida, todos os munic\u00edpios poder\u00e3o aderir ao prontu\u00e1rio eletr\u00f4nico e a integra\u00e7\u00e3o nacional de dados da Aten\u00e7\u00e3o B\u00e1sica. O objetivo do governo [&hellip;]<\/p>\n","protected":false},"author":96,"featured_media":84803,"comment_status":"closed","ping_status":"closed","sticky":false,"template":"","format":"standard","meta":{"footnotes":""},"categories":[302],"tags":[],"class_list":["post-84804","post","type-post","status-publish","format-standard","has-post-thumbnail","hentry","category-brasil-mundo"],"_links":{"self":[{"href":"https:\/\/diarioregionaldigital.com.br\/index.php?rest_route=\/wp\/v2\/posts\/84804","targetHints":{"allow":["GET"]}}],"collection":[{"href":"https:\/\/diarioregionaldigital.com.br\/index.php?rest_route=\/wp\/v2\/posts"}],"about":[{"href":"https:\/\/diarioregionaldigital.com.br\/index.php?rest_route=\/wp\/v2\/types\/post"}],"author":[{"embeddable":true,"href":"https:\/\/diarioregionaldigital.com.br\/index.php?rest_route=\/wp\/v2\/users\/96"}],"replies":[{"embeddable":true,"href":"https:\/\/diarioregionaldigital.com.br\/index.php?rest_route=%2Fwp%2Fv2%2Fcomments&post=84804"}],"version-history":[{"count":0,"href":"https:\/\/diarioregionaldigital.com.br\/index.php?rest_route=\/wp\/v2\/posts\/84804\/revisions"}],"wp:featuredmedia":[{"embeddable":true,"href":"https:\/\/diarioregionaldigital.com.br\/index.php?rest_route=\/wp\/v2\/media\/84803"}],"wp:attachment":[{"href":"https:\/\/diarioregionaldigital.com.br\/index.php?rest_route=%2Fwp%2Fv2%2Fmedia&parent=84804"}],"wp:term":[{"taxonomy":"category","embeddable":true,"href":"https:\/\/diarioregionaldigital.com.br\/index.php?rest_route=%2Fwp%2Fv2%2Fcategories&post=84804"},{"taxonomy":"post_tag","embeddable":true,"href":"https:\/\/diarioregionaldigital.com.br\/index.php?rest_route=%2Fwp%2Fv2%2Ftags&post=84804"}],"curies":[{"name":"wp","href":"https:\/\/api.w.org\/{rel}","templated":true}]}}