{"id":84800,"date":"2017-11-08T16:43:46","date_gmt":"2017-11-08T18:43:46","guid":{"rendered":"http:\/\/diarioregionaljf.com.br\/2017\/11\/08\/tufao-damrey-deixa-106-mortos-no-vietna-as-vesperas-da-cupula-da-apec\/"},"modified":"2017-11-08T16:43:46","modified_gmt":"2017-11-08T18:43:46","slug":"tufao-damrey-deixa-106-mortos-no-vietna-as-vesperas-da-cupula-da-apec","status":"publish","type":"post","link":"https:\/\/diarioregionaldigital.com.br\/?p=84800","title":{"rendered":"Tuf\u00e3o Damrey deixa 106 mortos no Vietn\u00e3 \u00e0s v\u00e9speras da c\u00fapula da Apec"},"content":{"rendered":"<p>O tuf\u00e3o Damrey, evento clim\u00e1tico mais letal no Vietn\u00e3 neste ano, j\u00e1 deixou 106 mortos, enquanto dezenas de reservat\u00f3rios perigosamente cheios liberam \u00e1gua no momento em que a na\u00e7\u00e3o do sudeste da \u00c1sia se prepara para receber as reuni\u00f5es de c\u00fapula do grupo Coopera\u00e7\u00e3o Econ\u00f4mica \u00c1sia-Pac\u00edfico (Apec).<\/p>\n<p>O Damrey, 12\u00aa grande tempestade deste ano no pa\u00eds, atingiu o Vietn\u00e3 no s\u00e1bado, 4, e, al\u00e9m dos mortos deixou ainda 25 desaparecidos e 197 feridos, afirmou o comit\u00ea de busca e resgate vietnamita. As autoridades disseram nessa quarta-feira, 8, que intensos esfor\u00e7os est\u00e3o sendo feitos para evitar inunda\u00e7\u00f5es nas redondezas da cidade de Danang, que receber\u00e1 o presidente dos Estados Unidos, Donald Trump, o l\u00edder chin\u00eas, Xi Jinping, e o presidente da R\u00fassia, Vladimir Putin, entre outros l\u00edderes da Apec.<\/p>\n<p>\u00c1gua est\u00e1 sendo liberada de ao menos 49 reservat\u00f3rios que estavam perigosamente cheios, afirmou o Comit\u00ea Diretor de Preven\u00e7\u00e3o de Desastres, acrescentando que os n\u00edveis dos maiores reservat\u00f3rios est\u00e3o sendo monitorados constantemente. At\u00e9 1.700 mm de chuva foram registrados em uma esta\u00e7\u00e3o meteorol\u00f3gica na semana. A chuva deve continuar at\u00e9 hoje, antes de diminuir nesta quinta-feira, 9.<\/p>\n<p>As reuni\u00f5es do grupo Coopera\u00e7\u00e3o Econ\u00f4mica \u00c1sia-Pac\u00edfico (Apec) come\u00e7aram na segunda-feira, 6. Trump, Xi e Putin devem se encontrar com outros l\u00edderes regionais no evento principal na sexta-feira, 10, e no s\u00e1bado, 11.<\/p>\n<p>Fonte: Ag\u00eancia Brasil<\/p>\n","protected":false},"excerpt":{"rendered":"<p>O tuf\u00e3o Damrey, evento clim\u00e1tico mais letal no Vietn\u00e3 neste ano, j\u00e1 deixou 106 mortos, enquanto dezenas de reservat\u00f3rios perigosamente cheios liberam \u00e1gua no momento em que a na\u00e7\u00e3o do sudeste da \u00c1sia se prepara para receber as reuni\u00f5es de c\u00fapula do grupo Coopera\u00e7\u00e3o Econ\u00f4mica \u00c1sia-Pac\u00edfico (Apec). O Damrey, 12\u00aa grande tempestade deste ano no [&hellip;]<\/p>\n","protected":false},"author":96,"featured_media":84799,"comment_status":"closed","ping_status":"closed","sticky":false,"template":"","format":"standard","meta":{"footnotes":""},"categories":[302],"tags":[],"class_list":["post-84800","post","type-post","status-publish","format-standard","has-post-thumbnail","hentry","category-brasil-mundo"],"_links":{"self":[{"href":"https:\/\/diarioregionaldigital.com.br\/index.php?rest_route=\/wp\/v2\/posts\/84800","targetHints":{"allow":["GET"]}}],"collection":[{"href":"https:\/\/diarioregionaldigital.com.br\/index.php?rest_route=\/wp\/v2\/posts"}],"about":[{"href":"https:\/\/diarioregionaldigital.com.br\/index.php?rest_route=\/wp\/v2\/types\/post"}],"author":[{"embeddable":true,"href":"https:\/\/diarioregionaldigital.com.br\/index.php?rest_route=\/wp\/v2\/users\/96"}],"replies":[{"embeddable":true,"href":"https:\/\/diarioregionaldigital.com.br\/index.php?rest_route=%2Fwp%2Fv2%2Fcomments&post=84800"}],"version-history":[{"count":0,"href":"https:\/\/diarioregionaldigital.com.br\/index.php?rest_route=\/wp\/v2\/posts\/84800\/revisions"}],"wp:featuredmedia":[{"embeddable":true,"href":"https:\/\/diarioregionaldigital.com.br\/index.php?rest_route=\/wp\/v2\/media\/84799"}],"wp:attachment":[{"href":"https:\/\/diarioregionaldigital.com.br\/index.php?rest_route=%2Fwp%2Fv2%2Fmedia&parent=84800"}],"wp:term":[{"taxonomy":"category","embeddable":true,"href":"https:\/\/diarioregionaldigital.com.br\/index.php?rest_route=%2Fwp%2Fv2%2Fcategories&post=84800"},{"taxonomy":"post_tag","embeddable":true,"href":"https:\/\/diarioregionaldigital.com.br\/index.php?rest_route=%2Fwp%2Fv2%2Ftags&post=84800"}],"curies":[{"name":"wp","href":"https:\/\/api.w.org\/{rel}","templated":true}]}}