{"id":84798,"date":"2017-11-08T16:40:17","date_gmt":"2017-11-08T18:40:17","guid":{"rendered":"http:\/\/diarioregionaljf.com.br\/2017\/11\/08\/londres-dara-carencia-de-dois-anos-aos-cidadaos-da-ue-apos-brexit\/"},"modified":"2017-11-08T16:40:17","modified_gmt":"2017-11-08T18:40:17","slug":"londres-dara-carencia-de-dois-anos-aos-cidadaos-da-ue-apos-brexit","status":"publish","type":"post","link":"https:\/\/diarioregionaldigital.com.br\/?p=84798","title":{"rendered":"Londres dar\u00e1 car\u00eancia de dois anos aos cidad\u00e3os da UE ap\u00f3s Brexit"},"content":{"rendered":"<p>O Governo brit\u00e2nico antecipou nessa ter\u00e7a-feira, 7, que dar\u00e1 &#8220;um per\u00edodo de car\u00eancia&#8221; de dois anos ap\u00f3s o &#8220;Brexit&#8221; aos cidad\u00e3os comunit\u00e1rios residentes no Reino Unido que decidirem solicitar o &#8220;status de assentado&#8221; no pa\u00eds. A informa\u00e7\u00e3o \u00e9 da ag\u00eancia espanhola EFE.<\/p>\n<p>O Minist\u00e9rio do Interior e o Minist\u00e9rio para o &#8220;Brexit&#8221; do Reino Unido informaram em comunicado conjunto que estabeleceram uma s\u00e9rie de &#8220;garantias adicionais&#8221; para os cidad\u00e3os da Uni\u00e3o Europeia (UE) perante a sa\u00edda brit\u00e2nica do bloco comum europeu, que ser\u00e1 efetivada previsivelmente em 29 de mar\u00e7o de 2019.<\/p>\n<p>Londres enviou essas propostas a Bruxelas como parte de um &#8220;documento t\u00e9cnico&#8221; com o qual espera avan\u00e7ar nas negocia\u00e7\u00f5es sobre as condi\u00e7\u00f5es de sa\u00edda do Reino Unido da UE. O documento assegura que os funcion\u00e1rios que avaliar\u00e3o as solicita\u00e7\u00f5es de &#8220;status de assentado&#8221; contar\u00e3o com a flexibilidade necess\u00e1ria para assegurar que os pedidos n\u00e3o ser\u00e3o recha\u00e7ados por &#8220;aspectos t\u00e9cnicos menores&#8221;.<\/p>\n<p>&#8220;Esperamos que a maioria dos casos seja aceita&#8221;, afirma o comunicado dos minist\u00e9rios, que ressaltam que aqueles que tiverem a solicita\u00e7\u00e3o rejeitada poder\u00e3o recorrer da decis\u00e3o. &#8220;Deixamos claro que os cidad\u00e3os comunit\u00e1rios que vivem no Reino Unido fazem uma enorme contribui\u00e7\u00e3o ao nosso pa\u00eds e queremos que fiquem&#8221;, assegura nessa nota a ministra de Interior, Amber Rudd.<\/p>\n<p>O ministro para o &#8220;Brexit&#8221;, David Davis, afirmou que &#8220;salvaguardar os direitos dos cidad\u00e3os comunit\u00e1rios&#8221; \u00e9 a &#8220;principal prioridade&#8221; do Reino Unido nas negocia\u00e7\u00f5es com Bruxelas.<\/p>\n<p>&nbsp;<\/p>\n<h4>SEM SINAL VERDE<\/h4>\n<p>Ap\u00f3s cinco rodadas de contatos, os 27 membros da UE restantes ainda n\u00e3o deram sinal verde para passar para uma segunda fase das negocia\u00e7\u00f5es, na qual ser\u00e1 abordada a futura rela\u00e7\u00e3o comercial entre Londres e a UE.<\/p>\n<p>Bruxelas sustenta que, para come\u00e7ar a tratar essa quest\u00e3o, s\u00e3o necess\u00e1rios &#8220;avan\u00e7os suficientes&#8221; quanto aos direitos dos cidad\u00e3os europeus ap\u00f3s o &#8220;Brexit&#8221;, o futuro status da fronteira entre a Rep\u00fablica da Irlanda e a regi\u00e3o brit\u00e2nica da Irlanda do Norte, assim como a conta a ser paga da sa\u00edda que deve assumir o Reino Unido.<\/p>\n<p>A primeira-ministra brit\u00e2nica, Theresa May, assegurou que espera acordar um per\u00edodo de transi\u00e7\u00e3o de dois anos com a UE para que o Reino Unido mantenha seu acesso ao mercado \u00fanico durante esse tempo.<\/p>\n<p>&nbsp;<\/p>\n<h4>COMPLEXIDADE<\/h4>\n<p>O plano para facilitar o pedido de &#8220;status de assentado&#8221; aos cidad\u00e3os comunit\u00e1rios revelado hoje prev\u00ea &#8220;minimizar a evid\u00eancia document\u00e1ria&#8221; necess\u00e1ria para essa solicita\u00e7\u00e3o. O atual m\u00e9todo para que os europeus pe\u00e7am a resid\u00eancia permanente no Reino Unido levantou pol\u00eamica, devido \u00e0 sua complexidade.<\/p>\n<p>O processo atual requer documentos que demonstrem que a pessoa residiu no pa\u00eds durante pelo menos cinco anos, assim como uma lista completa das viagens para o exterior durante esse per\u00edodo, entre outros requisitos.<\/p>\n<p>O Governo brit\u00e2nico espera agora estabelecer um sistema &#8220;digital, otimizado e amig\u00e1vel para o usu\u00e1rio&#8221;, ao mesmo tempo em que prev\u00ea que as taxas de solicita\u00e7\u00e3o do &#8220;status de assentado&#8221; n\u00e3o superar\u00e3o o custo de obter um passaporte brit\u00e2nico. Tamb\u00e9m n\u00e3o ser\u00e1 requerido que os cidad\u00e3os europeus apresentem um seguro de sa\u00fade privado e gravem suas impress\u00f5es digitais.<\/p>\n<p>Os cidad\u00e3os que j\u00e1 receberam a resid\u00eancia permanente tamb\u00e9m dever\u00e3o se registrar atrav\u00e9s do novo sistema, mas o Governo prev\u00ea que exista &#8220;um processo simples e de baixo custo&#8221; para eles.<\/p>\n<p>Fonte: Ag\u00eancia Brasil<\/p>\n","protected":false},"excerpt":{"rendered":"<p>O Governo brit\u00e2nico antecipou nessa ter\u00e7a-feira, 7, que dar\u00e1 &#8220;um per\u00edodo de car\u00eancia&#8221; de dois anos ap\u00f3s o &#8220;Brexit&#8221; aos cidad\u00e3os comunit\u00e1rios residentes no Reino Unido que decidirem solicitar o &#8220;status de assentado&#8221; no pa\u00eds. A informa\u00e7\u00e3o \u00e9 da ag\u00eancia espanhola EFE. O Minist\u00e9rio do Interior e o Minist\u00e9rio para o &#8220;Brexit&#8221; do Reino Unido [&hellip;]<\/p>\n","protected":false},"author":96,"featured_media":84797,"comment_status":"closed","ping_status":"closed","sticky":false,"template":"","format":"standard","meta":{"footnotes":""},"categories":[302],"tags":[],"class_list":["post-84798","post","type-post","status-publish","format-standard","has-post-thumbnail","hentry","category-brasil-mundo"],"_links":{"self":[{"href":"https:\/\/diarioregionaldigital.com.br\/index.php?rest_route=\/wp\/v2\/posts\/84798","targetHints":{"allow":["GET"]}}],"collection":[{"href":"https:\/\/diarioregionaldigital.com.br\/index.php?rest_route=\/wp\/v2\/posts"}],"about":[{"href":"https:\/\/diarioregionaldigital.com.br\/index.php?rest_route=\/wp\/v2\/types\/post"}],"author":[{"embeddable":true,"href":"https:\/\/diarioregionaldigital.com.br\/index.php?rest_route=\/wp\/v2\/users\/96"}],"replies":[{"embeddable":true,"href":"https:\/\/diarioregionaldigital.com.br\/index.php?rest_route=%2Fwp%2Fv2%2Fcomments&post=84798"}],"version-history":[{"count":0,"href":"https:\/\/diarioregionaldigital.com.br\/index.php?rest_route=\/wp\/v2\/posts\/84798\/revisions"}],"wp:featuredmedia":[{"embeddable":true,"href":"https:\/\/diarioregionaldigital.com.br\/index.php?rest_route=\/wp\/v2\/media\/84797"}],"wp:attachment":[{"href":"https:\/\/diarioregionaldigital.com.br\/index.php?rest_route=%2Fwp%2Fv2%2Fmedia&parent=84798"}],"wp:term":[{"taxonomy":"category","embeddable":true,"href":"https:\/\/diarioregionaldigital.com.br\/index.php?rest_route=%2Fwp%2Fv2%2Fcategories&post=84798"},{"taxonomy":"post_tag","embeddable":true,"href":"https:\/\/diarioregionaldigital.com.br\/index.php?rest_route=%2Fwp%2Fv2%2Ftags&post=84798"}],"curies":[{"name":"wp","href":"https:\/\/api.w.org\/{rel}","templated":true}]}}