{"id":84794,"date":"2017-11-08T12:54:22","date_gmt":"2017-11-08T14:54:22","guid":{"rendered":"http:\/\/diarioregionaljf.com.br\/2017\/11\/08\/senhora-e-agredida-e-tem-arma-apontada-para-cabeca-em-assalto-a-residencia\/"},"modified":"2017-11-08T12:54:22","modified_gmt":"2017-11-08T14:54:22","slug":"senhora-e-agredida-e-tem-arma-apontada-para-cabeca-em-assalto-a-residencia","status":"publish","type":"post","link":"https:\/\/diarioregionaldigital.com.br\/?p=84794","title":{"rendered":"Senhora \u00e9 agredida e tem arma apontada para cabe\u00e7a em assalto a resid\u00eancia"},"content":{"rendered":"<p>Uma senhora de 62 anos foi v\u00edtima de agress\u00f5es e amea\u00e7as de morte durante assalto a sua resid\u00eancia no final da tarde desta ter\u00e7a-feira, 7. O crime ocorreu no bairro Jardim Cachoeira, localizado na zona Norte de Juiz de Fora.<\/p>\n<p>De acordo com relato \u00e0 Pol\u00edcia Militar (PM), a v\u00edtima explicou que por volta das 17h, tr\u00eas indiv\u00edduos com camisas tampando os rostos, invadiram a sua resid\u00eancia e com uma arma de fogo na dire\u00e7\u00e3o da cabe\u00e7a, pediram que ela entregasse dinheiro.<\/p>\n<p>A senhora afirmou aos assaltantes que n\u00e3o possu\u00eda dinheiro na resid\u00eancia. Neste momento, um dos autores foi at\u00e9 a cozinha do local, pegou uma faca e colocou na garganta da v\u00edtima exigindo novamente por dinheiro. O trio agrediu a senhora com socos e tapas e posteriormente reviraram a casa em busca de dinheiro. Os assaltantes n\u00e3o encontraram nenhuma quantia, entretanto, roubaram dois televisores, uma bolsa, uma moto serra e diversas roupas. Ap\u00f3s o crime fugiram.<\/p>\n<p>A Pol\u00edcia Militar realizou buscas na regi\u00e3o, mas os autores n\u00e3o foram localizados.<\/p>\n","protected":false},"excerpt":{"rendered":"<p>Uma senhora de 62 anos foi v\u00edtima de agress\u00f5es e amea\u00e7as de morte durante assalto a sua resid\u00eancia no final da tarde desta ter\u00e7a-feira, 7. O crime ocorreu no bairro Jardim Cachoeira, localizado na zona Norte de Juiz de Fora. De acordo com relato \u00e0 Pol\u00edcia Militar (PM), a v\u00edtima explicou que por volta das [&hellip;]<\/p>\n","protected":false},"author":96,"featured_media":84793,"comment_status":"closed","ping_status":"closed","sticky":false,"template":"","format":"standard","meta":{"footnotes":""},"categories":[301],"tags":[],"class_list":["post-84794","post","type-post","status-publish","format-standard","has-post-thumbnail","hentry","category-artigos-policiais"],"_links":{"self":[{"href":"https:\/\/diarioregionaldigital.com.br\/index.php?rest_route=\/wp\/v2\/posts\/84794","targetHints":{"allow":["GET"]}}],"collection":[{"href":"https:\/\/diarioregionaldigital.com.br\/index.php?rest_route=\/wp\/v2\/posts"}],"about":[{"href":"https:\/\/diarioregionaldigital.com.br\/index.php?rest_route=\/wp\/v2\/types\/post"}],"author":[{"embeddable":true,"href":"https:\/\/diarioregionaldigital.com.br\/index.php?rest_route=\/wp\/v2\/users\/96"}],"replies":[{"embeddable":true,"href":"https:\/\/diarioregionaldigital.com.br\/index.php?rest_route=%2Fwp%2Fv2%2Fcomments&post=84794"}],"version-history":[{"count":0,"href":"https:\/\/diarioregionaldigital.com.br\/index.php?rest_route=\/wp\/v2\/posts\/84794\/revisions"}],"wp:featuredmedia":[{"embeddable":true,"href":"https:\/\/diarioregionaldigital.com.br\/index.php?rest_route=\/wp\/v2\/media\/84793"}],"wp:attachment":[{"href":"https:\/\/diarioregionaldigital.com.br\/index.php?rest_route=%2Fwp%2Fv2%2Fmedia&parent=84794"}],"wp:term":[{"taxonomy":"category","embeddable":true,"href":"https:\/\/diarioregionaldigital.com.br\/index.php?rest_route=%2Fwp%2Fv2%2Fcategories&post=84794"},{"taxonomy":"post_tag","embeddable":true,"href":"https:\/\/diarioregionaldigital.com.br\/index.php?rest_route=%2Fwp%2Fv2%2Ftags&post=84794"}],"curies":[{"name":"wp","href":"https:\/\/api.w.org\/{rel}","templated":true}]}}