{"id":84792,"date":"2017-11-08T12:01:13","date_gmt":"2017-11-08T14:01:13","guid":{"rendered":"http:\/\/diarioregionaljf.com.br\/2017\/11\/08\/dupla-comete-serie-de-assaltos-e-troca-tiros-com-a-pm\/"},"modified":"2017-11-08T12:01:13","modified_gmt":"2017-11-08T14:01:13","slug":"dupla-comete-serie-de-assaltos-e-troca-tiros-com-a-pm","status":"publish","type":"post","link":"https:\/\/diarioregionaldigital.com.br\/?p=84792","title":{"rendered":"Dupla comete s\u00e9rie de assaltos e troca tiros com a PM"},"content":{"rendered":"<p>Um apartamento foi roubado na noite desta ter\u00e7a-feira, 7, no bairro Santa Helena, localizado na regi\u00e3o central de Juiz de Fora.<\/p>\n<p>De acordo com o registro de ocorr\u00eancias da Pol\u00edcia Militar (PM), um homem de 33 anos e uma mulher de 55, relataram que dois indiv\u00edduos, com roupas escuras e capacetes, invadiram o pr\u00e9dio onde residem. As v\u00edtimas informaram que os autores estavam armados com um rev\u00f3lver, faziam amea\u00e7as e as fizeram de ref\u00e9ns. A dupla ordenou que os moradores a levasse at\u00e9 o apartamento, onde pediram objetos de valor. Ap\u00f3s cometer o assalto os indiv\u00edduos fugiram em uma motocicleta.<\/p>\n<p>A PM esteve no local, localizado na Rua Visconde de Mau\u00e1, e ap\u00f3s recolher as informa\u00e7\u00f5es sobre os assaltantes, seguiram em busca dos mesmos.<\/p>\n<p>Durante patrulha pelo bairro Guaru\u00e1, na zona Sul da cidade, uma viatura da pol\u00edcia avistou dois indiv\u00edduos em uma moto, como os descritos pelas vitimas do assalto ao apartamento. A motocicleta entrou na Rua Tabajara e a viatura da PM a seguiu. No local os policiais flagraram a dupla abordando um ve\u00edculo da marca Gol, sendo que um dos indiv\u00edduos da moto rendia o motorista do carro utilizando uma arma, enquanto o comparsa continuava na moto a fim de aguardar o companheiro para uma poss\u00edvel fuga.<\/p>\n<p>Neste momento o ve\u00edculo da PM acelerou at\u00e9 onde ocorria o assalto. Ao notar a aproxima\u00e7\u00e3o da pol\u00edcia, o autor que executava o novo assalto montou na garupa da moto, e ainda com a arma em punho virou-se para tr\u00e1s e disparou contra o carro da Pol\u00edcia Militar. Na inten\u00e7\u00e3o de autodefesa a PM revidou os tiros com disparos contra a dupla na moto. Os policiais n\u00e3o foram atingidos pelos disparos.<\/p>\n<p>A persegui\u00e7\u00e3o continuou por mais alguns metros at\u00e9 que ao tentar realizar uma curva na Rua Jos\u00e9 Monteiro Viana, o motorista da moto perdeu o controle vindo a encostar no meio fio e cair. O carona ficou no ch\u00e3o com sua arma ao lado, at\u00e9 um policial retir\u00e1-la. O condutor da moto tentou correr e fugir da PM, entretanto, foi contido e colocado na viatura.<br \/>Com os autores, de 19 e 21 anos, foram localizados os materiais subtra\u00eddos no roubo, os quais foram reconhecidos pelas v\u00edtimas, al\u00e9m de um rev\u00f3lver.<\/p>\n<p>O autor de 19 anos sofreu algumas les\u00f5es durante a persegui\u00e7\u00e3o e foi encaminhado ao Hospital de Pronto Socorro (HPS). J\u00e1 no hospital, foi constatado o \u00f3bito. O autor de 21 anos recebeu voz de pris\u00e3o e foi encaminhado para a delegacia, aonde foi identificado que o mesmo j\u00e1 possu\u00eda mandado de pris\u00e3o em aberto.<\/p>\n<p>A moto utilizada nos crimes foi removida ao p\u00e1tio do auto socorro Itajuru. Tal motocicleta possu\u00eda queixa de roubo, bem como a placa adulterada.<\/p>\n<p><img loading=\"lazy\" decoding=\"async\" class=\" size-full wp-image-84791\" src=\"http:\/\/diarioregionaljf.com.br\/wp-content\/uploads\/2017\/11\/diario-int-21039-1.jpg\" alt=\"mototiros\" width=\"419\" height=\"277\" srcset=\"https:\/\/diarioregionaldigital.com.br\/wp-content\/uploads\/2017\/11\/diario-int-21039-1.jpg 680w, https:\/\/diarioregionaldigital.com.br\/wp-content\/uploads\/2017\/11\/diario-int-21039-1-300x199.jpg 300w, https:\/\/diarioregionaldigital.com.br\/wp-content\/uploads\/2017\/11\/diario-int-21039-1-360x238.jpg 360w\" sizes=\"auto, (max-width: 419px) 100vw, 419px\" \/><\/p>\n<p>Foto: Divulga\u00e7\u00e3o<\/p>\n","protected":false},"excerpt":{"rendered":"<p>Um apartamento foi roubado na noite desta ter\u00e7a-feira, 7, no bairro Santa Helena, localizado na regi\u00e3o central de Juiz de Fora. De acordo com o registro de ocorr\u00eancias da Pol\u00edcia Militar (PM), um homem de 33 anos e uma mulher de 55, relataram que dois indiv\u00edduos, com roupas escuras e capacetes, invadiram o pr\u00e9dio onde [&hellip;]<\/p>\n","protected":false},"author":96,"featured_media":84790,"comment_status":"closed","ping_status":"closed","sticky":false,"template":"","format":"standard","meta":{"footnotes":""},"categories":[301],"tags":[],"class_list":["post-84792","post","type-post","status-publish","format-standard","has-post-thumbnail","hentry","category-artigos-policiais"],"_links":{"self":[{"href":"https:\/\/diarioregionaldigital.com.br\/index.php?rest_route=\/wp\/v2\/posts\/84792","targetHints":{"allow":["GET"]}}],"collection":[{"href":"https:\/\/diarioregionaldigital.com.br\/index.php?rest_route=\/wp\/v2\/posts"}],"about":[{"href":"https:\/\/diarioregionaldigital.com.br\/index.php?rest_route=\/wp\/v2\/types\/post"}],"author":[{"embeddable":true,"href":"https:\/\/diarioregionaldigital.com.br\/index.php?rest_route=\/wp\/v2\/users\/96"}],"replies":[{"embeddable":true,"href":"https:\/\/diarioregionaldigital.com.br\/index.php?rest_route=%2Fwp%2Fv2%2Fcomments&post=84792"}],"version-history":[{"count":0,"href":"https:\/\/diarioregionaldigital.com.br\/index.php?rest_route=\/wp\/v2\/posts\/84792\/revisions"}],"wp:featuredmedia":[{"embeddable":true,"href":"https:\/\/diarioregionaldigital.com.br\/index.php?rest_route=\/wp\/v2\/media\/84790"}],"wp:attachment":[{"href":"https:\/\/diarioregionaldigital.com.br\/index.php?rest_route=%2Fwp%2Fv2%2Fmedia&parent=84792"}],"wp:term":[{"taxonomy":"category","embeddable":true,"href":"https:\/\/diarioregionaldigital.com.br\/index.php?rest_route=%2Fwp%2Fv2%2Fcategories&post=84792"},{"taxonomy":"post_tag","embeddable":true,"href":"https:\/\/diarioregionaldigital.com.br\/index.php?rest_route=%2Fwp%2Fv2%2Ftags&post=84792"}],"curies":[{"name":"wp","href":"https:\/\/api.w.org\/{rel}","templated":true}]}}