{"id":84607,"date":"2017-11-04T14:14:50","date_gmt":"2017-11-04T16:14:50","guid":{"rendered":"http:\/\/diarioregionaljf.com.br\/2017\/11\/04\/dupla-rouba-r-500-de-estabelecimento-comercial-no-santa-cruz\/"},"modified":"2017-11-04T14:14:50","modified_gmt":"2017-11-04T16:14:50","slug":"dupla-rouba-r-500-de-estabelecimento-comercial-no-santa-cruz","status":"publish","type":"post","link":"https:\/\/diarioregionaldigital.com.br\/?p=84607","title":{"rendered":"Dupla rouba R$500 de estabelecimento comercial no Santa Cruz"},"content":{"rendered":"<p>Um estabelecimento comercial, situado a Rua Fel\u00edcio Manoel de Oliveira, no bairro Santa Cruz, zona Norte, foi roubado na manh\u00e3 dessa sexta-feira, 3. De acordo com o registro da ocorr\u00eancia, a balconista relatou aos policiais que estava entrando no local quando foi abordada por dois indiv\u00edduos, que aparentavam ter 18 anos.<\/p>\n<p>Um dos autores apontou uma arma de fogo para a funcion\u00e1ria e ordenou que ela deitasse no ch\u00e3o. Os infratores vasculharam o local e roubaram R$500. Eles fugiram a p\u00e9, subindo um escad\u00e3o que d\u00e1 acesso a Vila Mello Reis.<\/p>\n<p>Os militares realizaram dilig\u00eancias, mas n\u00e3o obtiveram \u00eaxito na localiza\u00e7\u00e3o e identifica\u00e7\u00e3o dos autores.<\/p>\n","protected":false},"excerpt":{"rendered":"<p>Um estabelecimento comercial, situado a Rua Fel\u00edcio Manoel de Oliveira, no bairro Santa Cruz, zona Norte, foi roubado na manh\u00e3 dessa sexta-feira, 3. De acordo com o registro da ocorr\u00eancia, a balconista relatou aos policiais que estava entrando no local quando foi abordada por dois indiv\u00edduos, que aparentavam ter 18 anos. Um dos autores apontou [&hellip;]<\/p>\n","protected":false},"author":96,"featured_media":84606,"comment_status":"closed","ping_status":"closed","sticky":false,"template":"","format":"standard","meta":{"footnotes":""},"categories":[301],"tags":[],"class_list":["post-84607","post","type-post","status-publish","format-standard","has-post-thumbnail","hentry","category-artigos-policiais"],"_links":{"self":[{"href":"https:\/\/diarioregionaldigital.com.br\/index.php?rest_route=\/wp\/v2\/posts\/84607","targetHints":{"allow":["GET"]}}],"collection":[{"href":"https:\/\/diarioregionaldigital.com.br\/index.php?rest_route=\/wp\/v2\/posts"}],"about":[{"href":"https:\/\/diarioregionaldigital.com.br\/index.php?rest_route=\/wp\/v2\/types\/post"}],"author":[{"embeddable":true,"href":"https:\/\/diarioregionaldigital.com.br\/index.php?rest_route=\/wp\/v2\/users\/96"}],"replies":[{"embeddable":true,"href":"https:\/\/diarioregionaldigital.com.br\/index.php?rest_route=%2Fwp%2Fv2%2Fcomments&post=84607"}],"version-history":[{"count":0,"href":"https:\/\/diarioregionaldigital.com.br\/index.php?rest_route=\/wp\/v2\/posts\/84607\/revisions"}],"wp:featuredmedia":[{"embeddable":true,"href":"https:\/\/diarioregionaldigital.com.br\/index.php?rest_route=\/wp\/v2\/media\/84606"}],"wp:attachment":[{"href":"https:\/\/diarioregionaldigital.com.br\/index.php?rest_route=%2Fwp%2Fv2%2Fmedia&parent=84607"}],"wp:term":[{"taxonomy":"category","embeddable":true,"href":"https:\/\/diarioregionaldigital.com.br\/index.php?rest_route=%2Fwp%2Fv2%2Fcategories&post=84607"},{"taxonomy":"post_tag","embeddable":true,"href":"https:\/\/diarioregionaldigital.com.br\/index.php?rest_route=%2Fwp%2Fv2%2Ftags&post=84607"}],"curies":[{"name":"wp","href":"https:\/\/api.w.org\/{rel}","templated":true}]}}