{"id":84569,"date":"2017-11-02T19:27:25","date_gmt":"2017-11-02T21:27:25","guid":{"rendered":"http:\/\/diarioregionaljf.com.br\/2017\/11\/02\/mais-de-40-pessoas-ficam-feridas-apos-ponte-improvisada-ceder-em-laranjal\/"},"modified":"2017-11-02T19:27:25","modified_gmt":"2017-11-02T21:27:25","slug":"mais-de-40-pessoas-ficam-feridas-apos-ponte-improvisada-ceder-em-laranjal","status":"publish","type":"post","link":"https:\/\/diarioregionaldigital.com.br\/?p=84569","title":{"rendered":"Mais de 40 pessoas ficam feridas ap\u00f3s ponte improvisada ceder em Laranjal"},"content":{"rendered":"<p>Mais de 40 pessoas ficaram feridas em decorr\u00eancia da queda de uma ponte provis\u00f3ria, constru\u00edda para a realiza\u00e7\u00e3o de um evento evang\u00e9lico, na cidade de Laranjal (127 Km de Juiz de Fora), na tarde desta quinta-feira, 2. O culto, que reuniu cerca de 20.000 pessoas, teve a participa\u00e7\u00e3o do pastor Valdomiro Santiago.<\/p>\n<p>Segundo informa\u00e7\u00f5es do Corpo de Bombeiros, a presen\u00e7a de um grande n\u00famero de barracas na rua que foi interditada para garantir o fluxo de pessoas pode ter afunilado a passagem do p\u00fablico e levado ao ac\u00famulo de fi\u00e9is sobre a ponte.<\/p>\n<p>Ainda conforme o Corpo de Bombeiros, o local foi vistoriado na tarde de ontem, 1\u00ba, e liberado, por ter atendido a todas as exig\u00eancias e medidas preventivas previstas no projeto aprovado e na legisla\u00e7\u00e3o vigente.<\/p>\n<p>Os feridos foram socorridos em hospitais de Laranjal e de cidades vizinhas.<\/p>\n<p>&nbsp;<\/p>\n<p>Da reda\u00e7\u00e3o\/Colabora\u00e7\u00e3o Assessoria Corpo de Bombeiros e Silvan Alves<\/p>\n","protected":false},"excerpt":{"rendered":"<p>Mais de 40 pessoas ficaram feridas em decorr\u00eancia da queda de uma ponte provis\u00f3ria, constru\u00edda para a realiza\u00e7\u00e3o de um evento evang\u00e9lico, na cidade de Laranjal (127 Km de Juiz de Fora), na tarde desta quinta-feira, 2. O culto, que reuniu cerca de 20.000 pessoas, teve a participa\u00e7\u00e3o do pastor Valdomiro Santiago. Segundo informa\u00e7\u00f5es do [&hellip;]<\/p>\n","protected":false},"author":96,"featured_media":84568,"comment_status":"closed","ping_status":"closed","sticky":false,"template":"","format":"standard","meta":{"footnotes":""},"categories":[252],"tags":[],"class_list":["post-84569","post","type-post","status-publish","format-standard","has-post-thumbnail","hentry","category-regiao"],"_links":{"self":[{"href":"https:\/\/diarioregionaldigital.com.br\/index.php?rest_route=\/wp\/v2\/posts\/84569","targetHints":{"allow":["GET"]}}],"collection":[{"href":"https:\/\/diarioregionaldigital.com.br\/index.php?rest_route=\/wp\/v2\/posts"}],"about":[{"href":"https:\/\/diarioregionaldigital.com.br\/index.php?rest_route=\/wp\/v2\/types\/post"}],"author":[{"embeddable":true,"href":"https:\/\/diarioregionaldigital.com.br\/index.php?rest_route=\/wp\/v2\/users\/96"}],"replies":[{"embeddable":true,"href":"https:\/\/diarioregionaldigital.com.br\/index.php?rest_route=%2Fwp%2Fv2%2Fcomments&post=84569"}],"version-history":[{"count":0,"href":"https:\/\/diarioregionaldigital.com.br\/index.php?rest_route=\/wp\/v2\/posts\/84569\/revisions"}],"wp:featuredmedia":[{"embeddable":true,"href":"https:\/\/diarioregionaldigital.com.br\/index.php?rest_route=\/wp\/v2\/media\/84568"}],"wp:attachment":[{"href":"https:\/\/diarioregionaldigital.com.br\/index.php?rest_route=%2Fwp%2Fv2%2Fmedia&parent=84569"}],"wp:term":[{"taxonomy":"category","embeddable":true,"href":"https:\/\/diarioregionaldigital.com.br\/index.php?rest_route=%2Fwp%2Fv2%2Fcategories&post=84569"},{"taxonomy":"post_tag","embeddable":true,"href":"https:\/\/diarioregionaldigital.com.br\/index.php?rest_route=%2Fwp%2Fv2%2Ftags&post=84569"}],"curies":[{"name":"wp","href":"https:\/\/api.w.org\/{rel}","templated":true}]}}