{"id":84567,"date":"2017-11-02T17:38:14","date_gmt":"2017-11-02T19:38:14","guid":{"rendered":"http:\/\/diarioregionaljf.com.br\/2017\/11\/02\/prf-flagra-suspeitos-com-mais-de-850-mil-em-um-carro-na-dutra\/"},"modified":"2017-11-02T17:38:14","modified_gmt":"2017-11-02T19:38:14","slug":"prf-flagra-suspeitos-com-mais-de-850-mil-em-um-carro-na-dutra","status":"publish","type":"post","link":"https:\/\/diarioregionaldigital.com.br\/?p=84567","title":{"rendered":"PRF flagra suspeitos com mais de R$ 850 mil em um carro na Dutra"},"content":{"rendered":"<p>Uma equipe da Pol\u00edcia Rodovi\u00e1ria Federal (PRF) flagrou dois homens transportando mais de R$850 mil, durante uma abordagem a um carro, na altura do km 318, da Rodovia Presidente Dutra, em Itatiaia, no estado do Rio de Janeiro.<\/p>\n<p>O motorista, de 42 anos, estava na companhia um homem, de 26 anos, que se identificou como policial militar de S\u00e3o Paulo. Ao revistar o carro os policiais rodovi\u00e1rios encontraram uma caixa de papel\u00e3o no porta-malas, com v\u00e1rios pacotes de dinheiro com c\u00e9dulas de R$100.<\/p>\n<p>O homem que se identificou como policial militar disse que havia cerca de R$200 mil e explicou que o dinheiro era para resolver uma transa\u00e7\u00e3o comercial no Porto de Itagua\u00ed, na regi\u00e3o metropolitana do Rio. Ele contou que fazia a escolta do dinheiro para um chin\u00eas.<\/p>\n<p>\u201cEle disse ainda que o motorista seria seu tio, pois tinha acabado de sair do servi\u00e7o, por isso estaria cansado para dirigir. Em uma verifica\u00e7\u00e3o preliminar, os agentes da PRF constataram que havia mais de R$850 mil\u201d, diz a nota da PRF.<\/p>\n<p>Os dois e o dinheiro foram levados para a Delegacia Policial de Itatiaia. Um advogado foi at\u00e9 o local, apresentando-se como representante de uma empresa importadora e de posse de uma nota fiscal no valor de R$855 mil.<\/p>\n<p>Mesmo assim, o dinheiro foi apreendido para comprova\u00e7\u00e3o da origem. A Corregedoria da Pol\u00edcia Militar de S\u00e3o Paulo foi informada sobre o caso. A a\u00e7\u00e3o da PRF ocorreu nessa quarta-feira, 1\u00ba.<\/p>\n<p>&nbsp;<\/p>\n<p>Fonte: Ag\u00eancia Brasil<\/p>\n","protected":false},"excerpt":{"rendered":"<p>Uma equipe da Pol\u00edcia Rodovi\u00e1ria Federal (PRF) flagrou dois homens transportando mais de R$850 mil, durante uma abordagem a um carro, na altura do km 318, da Rodovia Presidente Dutra, em Itatiaia, no estado do Rio de Janeiro. O motorista, de 42 anos, estava na companhia um homem, de 26 anos, que se identificou como [&hellip;]<\/p>\n","protected":false},"author":96,"featured_media":84566,"comment_status":"closed","ping_status":"closed","sticky":false,"template":"","format":"standard","meta":{"footnotes":""},"categories":[302],"tags":[],"class_list":["post-84567","post","type-post","status-publish","format-standard","has-post-thumbnail","hentry","category-brasil-mundo"],"_links":{"self":[{"href":"https:\/\/diarioregionaldigital.com.br\/index.php?rest_route=\/wp\/v2\/posts\/84567","targetHints":{"allow":["GET"]}}],"collection":[{"href":"https:\/\/diarioregionaldigital.com.br\/index.php?rest_route=\/wp\/v2\/posts"}],"about":[{"href":"https:\/\/diarioregionaldigital.com.br\/index.php?rest_route=\/wp\/v2\/types\/post"}],"author":[{"embeddable":true,"href":"https:\/\/diarioregionaldigital.com.br\/index.php?rest_route=\/wp\/v2\/users\/96"}],"replies":[{"embeddable":true,"href":"https:\/\/diarioregionaldigital.com.br\/index.php?rest_route=%2Fwp%2Fv2%2Fcomments&post=84567"}],"version-history":[{"count":0,"href":"https:\/\/diarioregionaldigital.com.br\/index.php?rest_route=\/wp\/v2\/posts\/84567\/revisions"}],"wp:featuredmedia":[{"embeddable":true,"href":"https:\/\/diarioregionaldigital.com.br\/index.php?rest_route=\/wp\/v2\/media\/84566"}],"wp:attachment":[{"href":"https:\/\/diarioregionaldigital.com.br\/index.php?rest_route=%2Fwp%2Fv2%2Fmedia&parent=84567"}],"wp:term":[{"taxonomy":"category","embeddable":true,"href":"https:\/\/diarioregionaldigital.com.br\/index.php?rest_route=%2Fwp%2Fv2%2Fcategories&post=84567"},{"taxonomy":"post_tag","embeddable":true,"href":"https:\/\/diarioregionaldigital.com.br\/index.php?rest_route=%2Fwp%2Fv2%2Ftags&post=84567"}],"curies":[{"name":"wp","href":"https:\/\/api.w.org\/{rel}","templated":true}]}}