{"id":84563,"date":"2017-11-02T17:09:36","date_gmt":"2017-11-02T19:09:36","guid":{"rendered":"http:\/\/diarioregionaljf.com.br\/2017\/11\/02\/comissao-do-senado-deve-ouvir-ministro-sobre-portaria-do-trabalho-escravo\/"},"modified":"2017-11-02T17:09:36","modified_gmt":"2017-11-02T19:09:36","slug":"comissao-do-senado-deve-ouvir-ministro-sobre-portaria-do-trabalho-escravo","status":"publish","type":"post","link":"https:\/\/diarioregionaldigital.com.br\/?p=84563","title":{"rendered":"Comiss\u00e3o do Senado deve ouvir ministro sobre portaria do trabalho escravo"},"content":{"rendered":"<p>A Comiss\u00e3o de Assuntos Sociais (CAS) do Senado aprovou nesta quarta-feira, 1\u00ba, a realiza\u00e7\u00e3o de duas audi\u00eancias p\u00fablicas. A primeira delas inclui convite ao ministro do Trabalho, Ronaldo Nogueira, para dar explica\u00e7\u00f5es sobre a pol\u00eamica portaria (11.29\/2017) que define regras sobre o trabalho escravo.<\/p>\n<p>Editada no in\u00edcio de outubro, a norma modifica as regras para fiscaliza\u00e7\u00e3o do trabalho e causou rea\u00e7\u00e3o imediata no Senado, sendo objeto de a\u00e7\u00e3o no Supremo Tribunal Federal (STF). Em decis\u00e3o liminar, a ministra Rosa Weber suspendeu os efeitos da portaria.<\/p>\n<p>O pedido para a audi\u00eancia \u00e9 do senador Paulo Rocha (PT-PA). A reuni\u00e3o ser\u00e1 feita em conjunto com a Comiss\u00e3o de Direitos Humanos (CDH).<\/p>\n<p>&nbsp;<\/p>\n<h4>AVALIA\u00c7\u00c3O DE SERVIDOR<\/h4>\n<p>A segunda audi\u00eancia p\u00fablica a ser feita pela CAS ser\u00e1 sobre o <a href=\"https:\/\/www25.senado.leg.br\/web\/atividade\/materias\/-\/materia\/128876\" target=\"_blank\" rel=\"noopener noreferrer\">Projeto de Lei do Senado (PLS) 116\/2017<\/a>, da senadora Maria do Carmo Alves (DEM-SE). A proposta regulamenta a avalia\u00e7\u00e3o do servidor p\u00fablico e prev\u00ea a perda de cargo por insufici\u00eancia de desempenho. Ser\u00e3o convidados a participar representantes de diferentes categorias do funcionalismo p\u00fablico.<\/p>\n<p>A proposi\u00e7\u00e3o foi aprovada pela Comiss\u00e3o de Constitui\u00e7\u00e3o, Justi\u00e7a e Cidadania (CCJ) em 4 de outubro. Foi enviada ent\u00e3o \u00e0 CAS para avalia\u00e7\u00e3o. Pelo texto, o desempenho funcional dos servidores dever\u00e1 ser apurado anualmente por uma comiss\u00e3o avaliadora e levar em conta, entre outros fatores, a produtividade e a qualidade do servi\u00e7o. Deve ser garantido o direito ao contradit\u00f3rio e \u00e0 ampla defesa.<\/p>\n<p>&nbsp;<\/p>\n<h4>AMBUL\u00c2NCIA<\/h4>\n<p>Devido a um pedido de vista, os senadores ganharam mais uma semana para analisar o<a href=\"http:\/\/www25.senado.leg.br\/web\/atividade\/materias\/-\/materia\/130387\" target=\"_blank\" rel=\"noopener noreferrer\"> Projeto de Lei da C\u00e2mara (PLC) 82\/2017<\/a>, do deputado Valdir Colatto (PMDB-SC), que regulamenta a profiss\u00e3o de motorista de ambul\u00e2ncia. O relator \u00e9 o senador Paulo Paim (PT-RS), favor\u00e1vel \u00e0 iniciativa.<\/p>\n<p>&nbsp;<\/p>\n<p>Fonte: Senado Not\u00edcias<\/p>\n","protected":false},"excerpt":{"rendered":"<p>A Comiss\u00e3o de Assuntos Sociais (CAS) do Senado aprovou nesta quarta-feira, 1\u00ba, a realiza\u00e7\u00e3o de duas audi\u00eancias p\u00fablicas. A primeira delas inclui convite ao ministro do Trabalho, Ronaldo Nogueira, para dar explica\u00e7\u00f5es sobre a pol\u00eamica portaria (11.29\/2017) que define regras sobre o trabalho escravo. Editada no in\u00edcio de outubro, a norma modifica as regras para [&hellip;]<\/p>\n","protected":false},"author":96,"featured_media":84562,"comment_status":"closed","ping_status":"closed","sticky":false,"template":"","format":"standard","meta":{"footnotes":""},"categories":[254],"tags":[],"class_list":["post-84563","post","type-post","status-publish","format-standard","has-post-thumbnail","hentry","category-politica"],"_links":{"self":[{"href":"https:\/\/diarioregionaldigital.com.br\/index.php?rest_route=\/wp\/v2\/posts\/84563","targetHints":{"allow":["GET"]}}],"collection":[{"href":"https:\/\/diarioregionaldigital.com.br\/index.php?rest_route=\/wp\/v2\/posts"}],"about":[{"href":"https:\/\/diarioregionaldigital.com.br\/index.php?rest_route=\/wp\/v2\/types\/post"}],"author":[{"embeddable":true,"href":"https:\/\/diarioregionaldigital.com.br\/index.php?rest_route=\/wp\/v2\/users\/96"}],"replies":[{"embeddable":true,"href":"https:\/\/diarioregionaldigital.com.br\/index.php?rest_route=%2Fwp%2Fv2%2Fcomments&post=84563"}],"version-history":[{"count":0,"href":"https:\/\/diarioregionaldigital.com.br\/index.php?rest_route=\/wp\/v2\/posts\/84563\/revisions"}],"wp:featuredmedia":[{"embeddable":true,"href":"https:\/\/diarioregionaldigital.com.br\/index.php?rest_route=\/wp\/v2\/media\/84562"}],"wp:attachment":[{"href":"https:\/\/diarioregionaldigital.com.br\/index.php?rest_route=%2Fwp%2Fv2%2Fmedia&parent=84563"}],"wp:term":[{"taxonomy":"category","embeddable":true,"href":"https:\/\/diarioregionaldigital.com.br\/index.php?rest_route=%2Fwp%2Fv2%2Fcategories&post=84563"},{"taxonomy":"post_tag","embeddable":true,"href":"https:\/\/diarioregionaldigital.com.br\/index.php?rest_route=%2Fwp%2Fv2%2Ftags&post=84563"}],"curies":[{"name":"wp","href":"https:\/\/api.w.org\/{rel}","templated":true}]}}