{"id":84527,"date":"2017-11-01T21:45:00","date_gmt":"2017-11-01T23:45:00","guid":{"rendered":"http:\/\/diarioregionaljf.com.br\/2017\/11\/01\/cafe-de-negocios\/"},"modified":"2017-11-01T21:45:00","modified_gmt":"2017-11-01T23:45:00","slug":"cafe-de-negocios","status":"publish","type":"post","link":"https:\/\/diarioregionaldigital.com.br\/?p=84527","title":{"rendered":"Caf\u00e9 de Neg\u00f3cios"},"content":{"rendered":"<p style=\"text-align: center;\">Aconteceu na \u00faltima quinta-feira, 26 de outubro, o 13\u00ba Caf\u00e9 de Neg\u00f3cios realizado pela Novus Assessoria Cont\u00e1bil. O evento, que acontece uma vez ao m\u00eas, contou com a presen\u00e7a de diversos empres\u00e1rios que buscam fomentar a intera\u00e7\u00e3o e o networking. Desfrutando de um delicioso caf\u00e9 da manh\u00e3 os empres\u00e1rios puderam conversar e interagir para conhecer servi\u00e7os e formar parcerias. Depois do encontro aconteceu a palestra \u201cO Poder da A\u00e7\u00e3o\u201d ministrada pelo coach Julio Cimino. Esta foi a \u00faltima edi\u00e7\u00e3o de 2017, mas o evento volta no ano que vem cheio de novidades. Fique de olho!<\/p>\n<p><img decoding=\"async\" class=\" size-full wp-image-84517\" src=\"http:\/\/diarioregionaljf.com.br\/wp-content\/uploads\/2017\/11\/diario-int-20917-1.jpg\" alt=\"FOTO 01.jpg\" width=\"680\" style=\"display: block; margin-left: auto; margin-right: auto;\" srcset=\"https:\/\/diarioregionaldigital.com.br\/wp-content\/uploads\/2017\/11\/diario-int-20917-1.jpg 680w, https:\/\/diarioregionaldigital.com.br\/wp-content\/uploads\/2017\/11\/diario-int-20917-1-300x181.jpg 300w, https:\/\/diarioregionaldigital.com.br\/wp-content\/uploads\/2017\/11\/diario-int-20917-1-360x218.jpg 360w\" sizes=\"(max-width: 680px) 100vw, 680px\" \/><\/p>\n<p style=\"text-align: center;\"><img decoding=\"async\" class=\" size-full wp-image-84518\" src=\"http:\/\/diarioregionaljf.com.br\/wp-content\/uploads\/2017\/11\/diario-int-20917-2.jpg\" alt=\"Antonio Rotondo, Ronald Platz.jpg\" width=\"680\" style=\"display: block; margin-left: auto; margin-right: auto;\" srcset=\"https:\/\/diarioregionaldigital.com.br\/wp-content\/uploads\/2017\/11\/diario-int-20917-2.jpg 680w, https:\/\/diarioregionaldigital.com.br\/wp-content\/uploads\/2017\/11\/diario-int-20917-2-300x197.jpg 300w, https:\/\/diarioregionaldigital.com.br\/wp-content\/uploads\/2017\/11\/diario-int-20917-2-360x236.jpg 360w\" sizes=\"(max-width: 680px) 100vw, 680px\" \/>Antonio Rotondo, Ronald Platz, Lucas Gomes, Marcelle Oliveira, Rog\u00e9rio Pascoalino<\/p>\n<p style=\"text-align: center;\"><img decoding=\"async\" class=\" size-full wp-image-84519\" src=\"http:\/\/diarioregionaljf.com.br\/wp-content\/uploads\/2017\/11\/diario-int-20917-3.jpg\" alt=\"ANTONIO ROTONDO, BRENDA ROTONDO E RONALD PLATZ.jpg\" width=\"680\" style=\"display: block; margin-left: auto; margin-right: auto;\" srcset=\"https:\/\/diarioregionaldigital.com.br\/wp-content\/uploads\/2017\/11\/diario-int-20917-3.jpg 680w, https:\/\/diarioregionaldigital.com.br\/wp-content\/uploads\/2017\/11\/diario-int-20917-3-300x197.jpg 300w, https:\/\/diarioregionaldigital.com.br\/wp-content\/uploads\/2017\/11\/diario-int-20917-3-360x236.jpg 360w\" sizes=\"(max-width: 680px) 100vw, 680px\" \/>Antonio Rotondo, Brenda Rotondo e Ronald Platz<\/p>\n<p style=\"text-align: center;\"><img decoding=\"async\" class=\" size-full wp-image-84520\" src=\"http:\/\/diarioregionaljf.com.br\/wp-content\/uploads\/2017\/11\/diario-int-20917-4.jpg\" alt=\"F\u00c1BIO ANTONIO PEREIRA, LUIZ OT\u00c1VIO, ANTONIO ROTONDO.jpg\" width=\"680\" style=\"display: block; margin-left: auto; margin-right: auto;\" srcset=\"https:\/\/diarioregionaldigital.com.br\/wp-content\/uploads\/2017\/11\/diario-int-20917-4.jpg 645w, https:\/\/diarioregionaldigital.com.br\/wp-content\/uploads\/2017\/11\/diario-int-20917-4-300x210.jpg 300w, https:\/\/diarioregionaldigital.com.br\/wp-content\/uploads\/2017\/11\/diario-int-20917-4-360x251.jpg 360w, https:\/\/diarioregionaldigital.com.br\/wp-content\/uploads\/2017\/11\/diario-int-20917-4-100x70.jpg 100w\" sizes=\"(max-width: 645px) 100vw, 645px\" \/>F\u00e1bio Antonio Pereira, Luiz Ot\u00e1vio e Antonio Rotondo<\/p>\n<p style=\"text-align: center;\"><img decoding=\"async\" class=\" size-full wp-image-84521\" src=\"http:\/\/diarioregionaljf.com.br\/wp-content\/uploads\/2017\/11\/diario-int-20917-5.jpg\" alt=\"falta cr\u00e9dito 3.jpg\" width=\"680\" style=\"display: block; margin-left: auto; margin-right: auto;\" srcset=\"https:\/\/diarioregionaldigital.com.br\/wp-content\/uploads\/2017\/11\/diario-int-20917-5.jpg 645w, https:\/\/diarioregionaldigital.com.br\/wp-content\/uploads\/2017\/11\/diario-int-20917-5-300x210.jpg 300w, https:\/\/diarioregionaldigital.com.br\/wp-content\/uploads\/2017\/11\/diario-int-20917-5-360x251.jpg 360w, https:\/\/diarioregionaldigital.com.br\/wp-content\/uploads\/2017\/11\/diario-int-20917-5-100x70.jpg 100w\" sizes=\"(max-width: 645px) 100vw, 645px\" \/>Graciely Oliveira e Ruyara Pianta<\/p>\n<p style=\"text-align: center;\"><img decoding=\"async\" class=\" size-full wp-image-84522\" src=\"http:\/\/diarioregionaljf.com.br\/wp-content\/uploads\/2017\/11\/diario-int-20917-6.jpg\" alt=\"falta cr\u00e9dito.jpg\" width=\"680\" style=\"display: block; margin-left: auto; margin-right: auto;\" srcset=\"https:\/\/diarioregionaldigital.com.br\/wp-content\/uploads\/2017\/11\/diario-int-20917-6.jpg 645w, https:\/\/diarioregionaldigital.com.br\/wp-content\/uploads\/2017\/11\/diario-int-20917-6-300x210.jpg 300w, https:\/\/diarioregionaldigital.com.br\/wp-content\/uploads\/2017\/11\/diario-int-20917-6-360x251.jpg 360w, https:\/\/diarioregionaldigital.com.br\/wp-content\/uploads\/2017\/11\/diario-int-20917-6-100x70.jpg 100w\" sizes=\"(max-width: 645px) 100vw, 645px\" \/>Fl\u00e1via Arag\u00e3o Platz, Marcelo Severo, Gracely Oliveira, Brenda Rotondo<\/p>\n<p style=\"text-align: center;\"><img decoding=\"async\" class=\" size-full wp-image-84523\" src=\"http:\/\/diarioregionaljf.com.br\/wp-content\/uploads\/2017\/11\/diario-int-20917-7.jpg\" alt=\"Jorge Felipe Miguel, Leidiane Nascimento e Brenda Rotondo.jpg\" width=\"680\" style=\"display: block; margin-left: auto; margin-right: auto;\" srcset=\"https:\/\/diarioregionaldigital.com.br\/wp-content\/uploads\/2017\/11\/diario-int-20917-7.jpg 680w, https:\/\/diarioregionaldigital.com.br\/wp-content\/uploads\/2017\/11\/diario-int-20917-7-300x197.jpg 300w, https:\/\/diarioregionaldigital.com.br\/wp-content\/uploads\/2017\/11\/diario-int-20917-7-360x236.jpg 360w\" sizes=\"(max-width: 680px) 100vw, 680px\" \/>Jorge Felipe Miguel, Leidiane Nascimento e Brenda Rotondo<\/p>\n<p style=\"text-align: center;\"><img decoding=\"async\" class=\" size-full wp-image-84524\" src=\"http:\/\/diarioregionaljf.com.br\/wp-content\/uploads\/2017\/11\/diario-int-20917-8.jpg\" alt=\"J\u00daLIO CIMINO E ANDRE MOREIRA.jpg\" width=\"680\" style=\"display: block; margin-left: auto; margin-right: auto;\" srcset=\"https:\/\/diarioregionaldigital.com.br\/wp-content\/uploads\/2017\/11\/diario-int-20917-8.jpg 645w, https:\/\/diarioregionaldigital.com.br\/wp-content\/uploads\/2017\/11\/diario-int-20917-8-300x210.jpg 300w, https:\/\/diarioregionaldigital.com.br\/wp-content\/uploads\/2017\/11\/diario-int-20917-8-360x251.jpg 360w, https:\/\/diarioregionaldigital.com.br\/wp-content\/uploads\/2017\/11\/diario-int-20917-8-100x70.jpg 100w\" sizes=\"(max-width: 645px) 100vw, 645px\" \/>J\u00falio Cimino e Andr\u00e9 Moreira<\/p>\n<p style=\"text-align: center;\"><img decoding=\"async\" class=\" size-full wp-image-84525\" src=\"http:\/\/diarioregionaljf.com.br\/wp-content\/uploads\/2017\/11\/diario-int-20917-9.jpg\" alt=\"RAFAEL E GLAUSANY.jpg\" width=\"680\" style=\"display: block; margin-left: auto; margin-right: auto;\" srcset=\"https:\/\/diarioregionaldigital.com.br\/wp-content\/uploads\/2017\/11\/diario-int-20917-9.jpg 645w, https:\/\/diarioregionaldigital.com.br\/wp-content\/uploads\/2017\/11\/diario-int-20917-9-300x210.jpg 300w, https:\/\/diarioregionaldigital.com.br\/wp-content\/uploads\/2017\/11\/diario-int-20917-9-360x251.jpg 360w, https:\/\/diarioregionaldigital.com.br\/wp-content\/uploads\/2017\/11\/diario-int-20917-9-100x70.jpg 100w\" sizes=\"(max-width: 645px) 100vw, 645px\" \/>Rafael e Glausany Goncalves<\/p>\n<p style=\"text-align: center;\"><img decoding=\"async\" class=\" size-full wp-image-84526\" src=\"http:\/\/diarioregionaljf.com.br\/wp-content\/uploads\/2017\/11\/diario-int-20917-10.jpg\" alt=\"SUZANA RAMOS, BRENDA ROTONDO, CIDA JUSTI.jpg\" width=\"680\" style=\"display: block; margin-left: auto; margin-right: auto;\" srcset=\"https:\/\/diarioregionaldigital.com.br\/wp-content\/uploads\/2017\/11\/diario-int-20917-10.jpg 680w, https:\/\/diarioregionaldigital.com.br\/wp-content\/uploads\/2017\/11\/diario-int-20917-10-300x197.jpg 300w, https:\/\/diarioregionaldigital.com.br\/wp-content\/uploads\/2017\/11\/diario-int-20917-10-360x236.jpg 360w\" sizes=\"(max-width: 680px) 100vw, 680px\" \/>Suzana Ramos, Brenda Rotondo e Cida Justi<\/p>\n<p>&nbsp;<\/p>\n","protected":false},"excerpt":{"rendered":"<p>Aconteceu na \u00faltima quinta-feira, 26 de outubro, o 13\u00ba Caf\u00e9 de Neg\u00f3cios realizado pela Novus Assessoria Cont\u00e1bil. O evento, que acontece uma vez ao m\u00eas, contou com a presen\u00e7a de diversos empres\u00e1rios que buscam fomentar a intera\u00e7\u00e3o e o networking. Desfrutando de um delicioso caf\u00e9 da manh\u00e3 os empres\u00e1rios puderam conversar e interagir para conhecer [&hellip;]<\/p>\n","protected":false},"author":96,"featured_media":84516,"comment_status":"closed","ping_status":"closed","sticky":false,"template":"","format":"standard","meta":{"footnotes":""},"categories":[304],"tags":[],"class_list":["post-84527","post","type-post","status-publish","format-standard","has-post-thumbnail","hentry","category-network"],"_links":{"self":[{"href":"https:\/\/diarioregionaldigital.com.br\/index.php?rest_route=\/wp\/v2\/posts\/84527","targetHints":{"allow":["GET"]}}],"collection":[{"href":"https:\/\/diarioregionaldigital.com.br\/index.php?rest_route=\/wp\/v2\/posts"}],"about":[{"href":"https:\/\/diarioregionaldigital.com.br\/index.php?rest_route=\/wp\/v2\/types\/post"}],"author":[{"embeddable":true,"href":"https:\/\/diarioregionaldigital.com.br\/index.php?rest_route=\/wp\/v2\/users\/96"}],"replies":[{"embeddable":true,"href":"https:\/\/diarioregionaldigital.com.br\/index.php?rest_route=%2Fwp%2Fv2%2Fcomments&post=84527"}],"version-history":[{"count":0,"href":"https:\/\/diarioregionaldigital.com.br\/index.php?rest_route=\/wp\/v2\/posts\/84527\/revisions"}],"wp:featuredmedia":[{"embeddable":true,"href":"https:\/\/diarioregionaldigital.com.br\/index.php?rest_route=\/wp\/v2\/media\/84516"}],"wp:attachment":[{"href":"https:\/\/diarioregionaldigital.com.br\/index.php?rest_route=%2Fwp%2Fv2%2Fmedia&parent=84527"}],"wp:term":[{"taxonomy":"category","embeddable":true,"href":"https:\/\/diarioregionaldigital.com.br\/index.php?rest_route=%2Fwp%2Fv2%2Fcategories&post=84527"},{"taxonomy":"post_tag","embeddable":true,"href":"https:\/\/diarioregionaldigital.com.br\/index.php?rest_route=%2Fwp%2Fv2%2Ftags&post=84527"}],"curies":[{"name":"wp","href":"https:\/\/api.w.org\/{rel}","templated":true}]}}