{"id":84407,"date":"2017-10-31T21:13:22","date_gmt":"2017-10-31T23:13:22","guid":{"rendered":"http:\/\/diarioregionaljf.com.br\/2017\/10\/31\/poder-publico-busca-solucoes-para-problemas-do-canil-municipal\/"},"modified":"2017-10-31T21:13:22","modified_gmt":"2017-10-31T23:13:22","slug":"poder-publico-busca-solucoes-para-problemas-do-canil-municipal","status":"publish","type":"post","link":"https:\/\/diarioregionaldigital.com.br\/?p=84407","title":{"rendered":"Poder p\u00fablico busca solu\u00e7\u00f5es para problemas do Canil Municipal"},"content":{"rendered":"<p>Ap\u00f3s den\u00fancias de membros do Sindicato dos Servidores P\u00fablicos (Sinserpu-JF) e de servidores do Canil Municipal em rela\u00e7\u00e3o \u00e0s condi\u00e7\u00f5es prec\u00e1rias que s\u00e3o oferecidas para os animais e os funcion\u00e1rios do espa\u00e7o serem veiculadas na m\u00eddia local, autoridades, representantes de grupos de prote\u00e7\u00e3o aos animais e da administra\u00e7\u00e3o municipal se reuniram na manh\u00e3 da quinta-feira, 26, para debater as quest\u00f5es e encontrar solu\u00e7\u00f5es para os problemas.<\/p>\n<p>Falta de assist\u00eancia veterin\u00e1ria, superlota\u00e7\u00e3o do canil e condi\u00e7\u00f5es de higiene n\u00e3o favor\u00e1veis foram algumas das reivindica\u00e7\u00f5es apresentadas no encontro. \u201cNos reunimos para visualizar o que j\u00e1 sab\u00edamos que acontecia, al\u00e9m de cobrar as provid\u00eancias que solicit\u00e1vamos \u00e0 administra\u00e7\u00e3o e n\u00e3o t\u00ednhamos resposta. O canil est\u00e1 sem veterin\u00e1rio e pelo visto continuar\u00e1 sem. A quantidade de animais est\u00e1 acima da capacidade.<\/p>\n<p>Al\u00e9m disso, um \u2018parc\u00e3o\u2019 que foi criado h\u00e1 dois anos nunca foi utilizado\u201d, afirma o vice-presidente da Organiza\u00e7\u00e3o N\u00e3o Governamental (ONG) Alian\u00e7a Juiz-forana pela Defesa dos Animais (Ajuda), \u00c1tila Torquato.<br \/>De acordo com o presidente do Sinserpu-JF, Amarildo Romanazzi, a reuni\u00e3o foi marcada por discuss\u00e3o e press\u00e3o sobre o poder p\u00fablico.<\/p>\n<p>\u00c0 reportagem do Di\u00e1rio Regional, ele refor\u00e7ou que funcion\u00e1rios e animais est\u00e3o com a vacina\u00e7\u00e3o atrasada. Romanazzi ressalta ainda ter sido procurado por trabalhadores do canil, que relataram executar suas tarefas sobre opress\u00e3o da administra\u00e7\u00e3o, e que isso tamb\u00e9m foi cobrado durante o debate. \u201cParece que houve uma mudan\u00e7a na gest\u00e3o do canil.<\/p>\n<p>A coordena\u00e7\u00e3o que respondia pelos servidores n\u00e3o est\u00e1 mais l\u00e1. Os funcion\u00e1rios comentavam que ela era uma pessoa que exercia press\u00e3o sobre eles e evitava o di\u00e1logo. Isso acabou criando um clima ruim\u201d, reitera.<\/p>\n<p><strong>QUAL FOI A DEFINI\u00c7\u00c3O DO ENCONTRO?<\/strong><\/p>\n<p>De acordo com o presidente do Sinserpu-JF, a administra\u00e7\u00e3o do canil se comprometeu a realizar as melhorias necess\u00e1rias, atendendo \u00e0 demanda do movimento dos grupos de prote\u00e7\u00e3o animal e do pr\u00f3prio sindicato. \u201cUm dos nossos objetivos foi atingido, que era a melhoria no trato dos servidores. O Demlurb se explicou, mas o fato \u00e9 que eles prometerem dar aten\u00e7\u00e3o especial e garantiram que n\u00e3o praticar\u00e3o os mesmos erros. A dire\u00e7\u00e3o deixou claro que o intuito \u00e9 a execu\u00e7\u00e3o das reformas\u201d, disse.<\/p>\n<p>O vice-presidente da ONG Ajuda ratificou que os ativistas da prote\u00e7\u00e3o animal ir\u00e3o formar grupos para cuidar dos animais. \u201cA cada s\u00e1bado pessoas ir\u00e3o se organizar para cuidar dos animais. N\u00e3o vamos deixar as coisas chegarem at\u00e9 onde o ponto em que est\u00e1.<\/p>\n<p>A administra\u00e7\u00e3o atual j\u00e1 mostrou n\u00e3o ser competente e a gente decidiu que n\u00e3o vai esperar e iremos nos movimentar em prol da causa\u201d, destaca Torquato.<\/p>\n<p><strong>OUTRO LADO<\/strong><\/p>\n<p>Em rela\u00e7\u00e3o \u00e0 falta de assist\u00eancia veterin\u00e1ria, o diretor administrativo do Demlurb, Marcel Fernandes, explica que o contrato da antiga funcion\u00e1ria, que foi contratada atrav\u00e9s de processo seletivo simplificado, venceu no dia 2 de setembro. Um veterin\u00e1rio, aprovado em concurso p\u00fablico realizado pela Prefeitura, j\u00e1 est\u00e1 trabalhando no local desde o in\u00edcio da semana. Durante o per\u00edodo em que o Canil ficou sem o profissional, os animais n\u00e3o ficaram sem assist\u00eancia m\u00e9dica, j\u00e1 que o local conta com o apoio de tr\u00eas cl\u00ednicas veterin\u00e1rias.<\/p>\n<p>A coordenadora do Departamento de Controle Animal (Dcan), Miriam Neder, ressalta que desde que o Departamento foi criado houve redu\u00e7\u00e3o de 50 animais, que foram doados, embora, segundo ela, o canil ainda esteja superlotado. \u201cOs animais geralmente chegam com algum problema.<\/p>\n<p>A gente s\u00f3 resgata em situa\u00e7\u00f5es de vulnerabilidade. Se estiver saud\u00e1vel, eles somente s\u00e3o trazidos se estiverem sendo amea\u00e7ados de morte ou por determina\u00e7\u00e3o judicial&#8221;, esclarece. &#8220;T\u00ednhamos uma m\u00e9dia de 530 c\u00e3es, era muito cheio. Hoje temos cerca de 480. Continua lotado, mas s\u00e3o 50 a menos. N\u00e3o tenho como retirar todos os c\u00e3es e abandon\u00e1-los na rua.<\/p>\n<p>A ado\u00e7\u00e3o \u00e9 uma posse respons\u00e1vel, as pessoas s\u00e3o avaliadas com crit\u00e9rios elaborados pela prote\u00e7\u00e3o animal e precisam cumprir com aquilo que falaram. N\u00e3o adianta levar para casa e no primeiro \u2018trabalho\u2019 que o c\u00e3o apresentar ela o abandonar na rua. Estamos intensificando a\u00e7\u00f5es, firmando parcerias com iniciativa privada para promover a ado\u00e7\u00e3o\u201d, complementa.<\/p>\n<p>Quanto \u00e0 higiene, a administra\u00e7\u00e3o responde que um funcion\u00e1rio \u00e9 respons\u00e1vel pela limpeza di\u00e1ria das baias. Sobre as vacinas, ela admite que os novos funcion\u00e1rios e alguns animais est\u00e3o com ela atrasada. Entretanto, o setor de zoonose vai encaminhar doses para a Unidade de Aten\u00e7\u00e3o Prim\u00e1ria \u00e0 Sa\u00fade de Benfica e os servidores ser\u00e3o transportados at\u00e9 l\u00e1 nos pr\u00f3ximos dias.<\/p>\n<p>Para os animais, foi realizada compra de vacinas, que se encontram armazenadas na Central de vacinas da Prefeitura, e a vacina\u00e7\u00e3o ser\u00e1 providenciada na pr\u00f3xima semana.<br \/>Miriam tamb\u00e9m lembra que obras est\u00e3o sendo realizadas para a utiliza\u00e7\u00e3o do &#8216;parc\u00e3o\u2019. \u201cInicialmente, o projeto previa o transporte dos animais por coleira at\u00e9 l\u00e1. Por\u00e9m, vimos que isso n\u00e3o daria certo. Estamos construindo uma nova estrutura. Ser\u00e1 feito um corredor que facilitar\u00e1 o deslocamento dos bichos at\u00e9 l\u00e1\u201d, afirma.<\/p>\n<p>O diretor administrativo do Demlurb garante que o canil est\u00e1 trocando de coordena\u00e7\u00e3o, mas que isso n\u00e3o est\u00e1 relacionado \u00e0 conduta da antiga funcion\u00e1ria. \u201cEla era uma grande profissional, que n\u00e3o tinha problemas com os servidores, como muitos relatam. Ao longo desses anos de administra\u00e7\u00e3o, muitas coisas foram realizadas em prol da qualidade dos funcion\u00e1rios e dos animais. Foi constru\u00eddo refeit\u00f3rio, vesti\u00e1rio, escrit\u00f3rio, baias novas, guaritas de seguran\u00e7a, cantil novo, e ainda ser\u00e1 implementado aumento no vesti\u00e1rio\u201d, frisa Fernandes.<\/p>\n<p>A nossa reportagem visitou o canil nessa ter\u00e7a-feira, 31, e constatou um ambiente com condi\u00e7\u00f5es estruturais favor\u00e1veis para animais e funcion\u00e1rios do local. Todas as demandas que nos foram apresentadas \u00e0 reportagem foram questionadas aos respons\u00e1veis que se colocaram dispon\u00edveis a solucionar qualquer impasse.<\/p>\n","protected":false},"excerpt":{"rendered":"<p>Ap\u00f3s den\u00fancias de membros do Sindicato dos Servidores P\u00fablicos (Sinserpu-JF) e de servidores do Canil Municipal em rela\u00e7\u00e3o \u00e0s condi\u00e7\u00f5es prec\u00e1rias que s\u00e3o oferecidas para os animais e os funcion\u00e1rios do espa\u00e7o serem veiculadas na m\u00eddia local, autoridades, representantes de grupos de prote\u00e7\u00e3o aos animais e da administra\u00e7\u00e3o municipal se reuniram na manh\u00e3 da quinta-feira, [&hellip;]<\/p>\n","protected":false},"author":96,"featured_media":0,"comment_status":"closed","ping_status":"closed","sticky":false,"template":"","format":"standard","meta":{"footnotes":""},"categories":[253],"tags":[],"class_list":["post-84407","post","type-post","status-publish","format-standard","hentry","category-cidade"],"_links":{"self":[{"href":"https:\/\/diarioregionaldigital.com.br\/index.php?rest_route=\/wp\/v2\/posts\/84407","targetHints":{"allow":["GET"]}}],"collection":[{"href":"https:\/\/diarioregionaldigital.com.br\/index.php?rest_route=\/wp\/v2\/posts"}],"about":[{"href":"https:\/\/diarioregionaldigital.com.br\/index.php?rest_route=\/wp\/v2\/types\/post"}],"author":[{"embeddable":true,"href":"https:\/\/diarioregionaldigital.com.br\/index.php?rest_route=\/wp\/v2\/users\/96"}],"replies":[{"embeddable":true,"href":"https:\/\/diarioregionaldigital.com.br\/index.php?rest_route=%2Fwp%2Fv2%2Fcomments&post=84407"}],"version-history":[{"count":0,"href":"https:\/\/diarioregionaldigital.com.br\/index.php?rest_route=\/wp\/v2\/posts\/84407\/revisions"}],"wp:attachment":[{"href":"https:\/\/diarioregionaldigital.com.br\/index.php?rest_route=%2Fwp%2Fv2%2Fmedia&parent=84407"}],"wp:term":[{"taxonomy":"category","embeddable":true,"href":"https:\/\/diarioregionaldigital.com.br\/index.php?rest_route=%2Fwp%2Fv2%2Fcategories&post=84407"},{"taxonomy":"post_tag","embeddable":true,"href":"https:\/\/diarioregionaldigital.com.br\/index.php?rest_route=%2Fwp%2Fv2%2Ftags&post=84407"}],"curies":[{"name":"wp","href":"https:\/\/api.w.org\/{rel}","templated":true}]}}