{"id":84367,"date":"2017-10-31T17:16:56","date_gmt":"2017-10-31T19:16:56","guid":{"rendered":"http:\/\/diarioregionaljf.com.br\/2017\/10\/31\/policia-federal-investiga-desvios-de-r-2-milhoes-de-merenda-escolar-no-amapa\/"},"modified":"2017-10-31T17:16:56","modified_gmt":"2017-10-31T19:16:56","slug":"policia-federal-investiga-desvios-de-r-2-milhoes-de-merenda-escolar-no-amapa","status":"publish","type":"post","link":"https:\/\/diarioregionaldigital.com.br\/?p=84367","title":{"rendered":"Pol\u00edcia Federal investiga desvios de R$2 milh\u00f5es de merenda escolar no Amap\u00e1"},"content":{"rendered":"<p>A Opera\u00e7\u00e3o Senhores da Fome, para investigar o desvio de recursos destinados \u00e0 merenda escolar no Amap\u00e1, foi deflagrada nessa ter\u00e7a-feira, 31, pela Pol\u00edcia Federal (PF). Os policiais est\u00e3o desde as primeiras horas da manh\u00e3 cumprindo quatro mandados de pris\u00e3o tempor\u00e1ria, sete de condu\u00e7\u00e3o coercitiva e 18 de busca e apreens\u00e3o, todos em Macap\u00e1.<\/p>\n<p>\u201cA opera\u00e7\u00e3o investiga a atua\u00e7\u00e3o de empres\u00e1rios, diretores de escolas e servidores da Secretaria de Educa\u00e7\u00e3o do Estado do Amap\u00e1 no desvio de aproximadamente R$2 milh\u00f5es, destinados \u00e0 merenda escolar de v\u00e1rios munic\u00edpios do estado. Com o desvio, pelo menos 52 escolas da capital amapaense ficaram sem os alimentos da agricultura familiar\u201d, diz a nota da PF.<\/p>\n<p>As investiga\u00e7\u00f5es constataram que, no in\u00edcio de 2016, v\u00e1rios diretores de escolas firmaram um termo em que atestavam o recebimento dos alimentos, mas sem que isso ocorresse. Segundo a PF, algumas dessas entregas de alimentos teriam sido realizadas no per\u00edodo de f\u00e9rias escolares, quando n\u00e3o h\u00e1 alunos nas escolas.<\/p>\n<p>Cerca de 100 policiais federais participam da opera\u00e7\u00e3o. Conforme a conclus\u00e3o das investiga\u00e7\u00f5es, o suspeitos poder\u00e3o responder, de acordo com a conclus\u00e3o das investiga\u00e7\u00f5es, pelos crimes de peculato, associa\u00e7\u00e3o criminosa e falsidade ideol\u00f3gica.<\/p>\n<p>Fonte: Ag\u00eancia Brasil<\/p>\n","protected":false},"excerpt":{"rendered":"<p>A Opera\u00e7\u00e3o Senhores da Fome, para investigar o desvio de recursos destinados \u00e0 merenda escolar no Amap\u00e1, foi deflagrada nessa ter\u00e7a-feira, 31, pela Pol\u00edcia Federal (PF). Os policiais est\u00e3o desde as primeiras horas da manh\u00e3 cumprindo quatro mandados de pris\u00e3o tempor\u00e1ria, sete de condu\u00e7\u00e3o coercitiva e 18 de busca e apreens\u00e3o, todos em Macap\u00e1. \u201cA [&hellip;]<\/p>\n","protected":false},"author":96,"featured_media":84366,"comment_status":"closed","ping_status":"closed","sticky":false,"template":"","format":"standard","meta":{"footnotes":""},"categories":[302],"tags":[],"class_list":["post-84367","post","type-post","status-publish","format-standard","has-post-thumbnail","hentry","category-brasil-mundo"],"_links":{"self":[{"href":"https:\/\/diarioregionaldigital.com.br\/index.php?rest_route=\/wp\/v2\/posts\/84367","targetHints":{"allow":["GET"]}}],"collection":[{"href":"https:\/\/diarioregionaldigital.com.br\/index.php?rest_route=\/wp\/v2\/posts"}],"about":[{"href":"https:\/\/diarioregionaldigital.com.br\/index.php?rest_route=\/wp\/v2\/types\/post"}],"author":[{"embeddable":true,"href":"https:\/\/diarioregionaldigital.com.br\/index.php?rest_route=\/wp\/v2\/users\/96"}],"replies":[{"embeddable":true,"href":"https:\/\/diarioregionaldigital.com.br\/index.php?rest_route=%2Fwp%2Fv2%2Fcomments&post=84367"}],"version-history":[{"count":0,"href":"https:\/\/diarioregionaldigital.com.br\/index.php?rest_route=\/wp\/v2\/posts\/84367\/revisions"}],"wp:featuredmedia":[{"embeddable":true,"href":"https:\/\/diarioregionaldigital.com.br\/index.php?rest_route=\/wp\/v2\/media\/84366"}],"wp:attachment":[{"href":"https:\/\/diarioregionaldigital.com.br\/index.php?rest_route=%2Fwp%2Fv2%2Fmedia&parent=84367"}],"wp:term":[{"taxonomy":"category","embeddable":true,"href":"https:\/\/diarioregionaldigital.com.br\/index.php?rest_route=%2Fwp%2Fv2%2Fcategories&post=84367"},{"taxonomy":"post_tag","embeddable":true,"href":"https:\/\/diarioregionaldigital.com.br\/index.php?rest_route=%2Fwp%2Fv2%2Ftags&post=84367"}],"curies":[{"name":"wp","href":"https:\/\/api.w.org\/{rel}","templated":true}]}}