{"id":84363,"date":"2017-10-31T16:59:56","date_gmt":"2017-10-31T18:59:56","guid":{"rendered":"http:\/\/diarioregionaljf.com.br\/2017\/10\/31\/governanca-inovadora-e-tema-do-dia-mundial-das-cidades-celebrado-hoje\/"},"modified":"2017-10-31T16:59:56","modified_gmt":"2017-10-31T18:59:56","slug":"governanca-inovadora-e-tema-do-dia-mundial-das-cidades-celebrado-hoje","status":"publish","type":"post","link":"https:\/\/diarioregionaldigital.com.br\/?p=84363","title":{"rendered":"Governan\u00e7a Inovadora \u00e9 tema do Dia Mundial das Cidades, celebrado hoje"},"content":{"rendered":"<p>Com o tema Governan\u00e7a Inovadora, Cidades Abertas, as Na\u00e7\u00f5es Unidas celebram nessa ter\u00e7a-feira, 31, o Dia Mundial das Cidades. A data, criada pela Assembleia Geral da ONU, foi comemorada pela primeira vez, em 2014. O tema geral do dia \u00e9 Cidade Melhor, Vida Melhor, mas a cada ano um subtema \u00e9 escolhido para promover os sucessos e melhorias da urbaniza\u00e7\u00e3o ou abordar desafios espec\u00edficos resultantes dela. A informa\u00e7\u00e3o \u00e9 da ONU News.<\/p>\n<p>Este ano, o tema visa &#8220;destacar o papel importante da urbaniza\u00e7\u00e3o como uma fonte de desenvolvimento global e inclus\u00e3o social&#8221;. O objetivo do Dia Mundial das Cidades \u00e9 promover o interesse da comunidade internacional na urbaniza\u00e7\u00e3o global, impulsionar coopera\u00e7\u00e3o entre pa\u00edses para aproveitar oportunidades e abordar desafios da urbaniza\u00e7\u00e3o e contribuir para um desenvolvimento urbano sustent\u00e1vel em todo o mundo.<\/p>\n<p>Em 2016, na Confer\u00eancia da ONU sobre Habita\u00e7\u00e3o e Desenvolvimento Urbano Sustent\u00e1vel, conhecida como Habitat III, realizada em Quito, no Equador, foi adotada a chamada Nova Agenda Urbana. Na oportunidade, o chefe do Programa da ONU para Assentamentos Humanos, Joan Clos, afirmou que o evento marcou o in\u00edcio da &#8220;jornada para o desenvolvimento urbano sustent\u00e1vel&#8221;.<\/p>\n<p>As cidades tamb\u00e9m est\u00e3o presentes na Agenda 2030 das Na\u00e7\u00f5es Unidas, que contempla os 17 Objetivos de Desenvolvimento Sustent\u00e1vel (ODS) que devem ser implementados por todos os pa\u00edses do mundo at\u00e9 2030. O Objetivo 11 \u00e9 &#8220;Tornar as cidades e os assentamentos humanos inclusivos, seguros, resilientes e sustent\u00e1veis&#8221;.<\/p>\n<p>Fonte: Ag\u00eancia Brasil<\/p>\n","protected":false},"excerpt":{"rendered":"<p>Com o tema Governan\u00e7a Inovadora, Cidades Abertas, as Na\u00e7\u00f5es Unidas celebram nessa ter\u00e7a-feira, 31, o Dia Mundial das Cidades. A data, criada pela Assembleia Geral da ONU, foi comemorada pela primeira vez, em 2014. O tema geral do dia \u00e9 Cidade Melhor, Vida Melhor, mas a cada ano um subtema \u00e9 escolhido para promover os [&hellip;]<\/p>\n","protected":false},"author":96,"featured_media":84362,"comment_status":"closed","ping_status":"closed","sticky":false,"template":"","format":"standard","meta":{"footnotes":""},"categories":[302],"tags":[],"class_list":["post-84363","post","type-post","status-publish","format-standard","has-post-thumbnail","hentry","category-brasil-mundo"],"_links":{"self":[{"href":"https:\/\/diarioregionaldigital.com.br\/index.php?rest_route=\/wp\/v2\/posts\/84363","targetHints":{"allow":["GET"]}}],"collection":[{"href":"https:\/\/diarioregionaldigital.com.br\/index.php?rest_route=\/wp\/v2\/posts"}],"about":[{"href":"https:\/\/diarioregionaldigital.com.br\/index.php?rest_route=\/wp\/v2\/types\/post"}],"author":[{"embeddable":true,"href":"https:\/\/diarioregionaldigital.com.br\/index.php?rest_route=\/wp\/v2\/users\/96"}],"replies":[{"embeddable":true,"href":"https:\/\/diarioregionaldigital.com.br\/index.php?rest_route=%2Fwp%2Fv2%2Fcomments&post=84363"}],"version-history":[{"count":0,"href":"https:\/\/diarioregionaldigital.com.br\/index.php?rest_route=\/wp\/v2\/posts\/84363\/revisions"}],"wp:featuredmedia":[{"embeddable":true,"href":"https:\/\/diarioregionaldigital.com.br\/index.php?rest_route=\/wp\/v2\/media\/84362"}],"wp:attachment":[{"href":"https:\/\/diarioregionaldigital.com.br\/index.php?rest_route=%2Fwp%2Fv2%2Fmedia&parent=84363"}],"wp:term":[{"taxonomy":"category","embeddable":true,"href":"https:\/\/diarioregionaldigital.com.br\/index.php?rest_route=%2Fwp%2Fv2%2Fcategories&post=84363"},{"taxonomy":"post_tag","embeddable":true,"href":"https:\/\/diarioregionaldigital.com.br\/index.php?rest_route=%2Fwp%2Fv2%2Ftags&post=84363"}],"curies":[{"name":"wp","href":"https:\/\/api.w.org\/{rel}","templated":true}]}}