{"id":84272,"date":"2017-10-30T17:20:59","date_gmt":"2017-10-30T19:20:59","guid":{"rendered":"http:\/\/diarioregionaljf.com.br\/2017\/10\/30\/a-influencia-das-redes-sociais-na-decisao-de-compra-dos-consumidores\/"},"modified":"2017-10-30T17:20:59","modified_gmt":"2017-10-30T19:20:59","slug":"a-influencia-das-redes-sociais-na-decisao-de-compra-dos-consumidores","status":"publish","type":"post","link":"https:\/\/diarioregionaldigital.com.br\/?p=84272","title":{"rendered":"A influ\u00eancia das redes sociais na decis\u00e3o de compra dos consumidores"},"content":{"rendered":"<p>O que era exce\u00e7\u00e3o agora virou regra: 77% dos consumidores hoje s\u00e3o influenciados diretamente pelas redes sociais em suas decis\u00f5es de compra. Pesquisa realizada pela empresa de consultoria PricewaterhouseCoopers, foi desenvolvida para avaliar o impacto que as redes sociais trazem no consumidor do varejo n\u00e3o s\u00f3 aqui no Brasil, como no mundo inteiro. O estudo, feito com quase 20.000 consumidores em 19 pa\u00edses, apontou uma m\u00e9dia de 62% de influ\u00eancia das redes sociais no poder de decis\u00e3o de compra. O Brasil caminha na vanguarda.<\/p>\n<p>Cerca de mil consumidores apontaram na pesquisa aqui no Brasil, que os coment\u00e1rios de amigos, compartilhamentos, check-ins e at\u00e9 mesmo o conte\u00fado que as pr\u00f3prias p\u00e1ginas das empresas publicam impactam diretamente em suas escolhas.<\/p>\n<p>Na era que vivemos, o constante volume de informa\u00e7\u00f5es que recebemos o tempo todo exercem um poder enorme sobre nossas escolhas, mesmo que n\u00e3o nos demos conta disso. Cada vez mais, o consumidor quer ter acesso a todos os canais de compra e us\u00e1-los da forma que lhe for mais conveniente.<\/p>\n<p>O brasileiro sempre se destaca quando o assunto \u00e9 o engajamento com novas m\u00eddias. Desde os surgimentos das redes mais antigas, como o Orkut ou o mIRC, os usu\u00e1rios do pa\u00eds se mostram interessados a interagir e explorar situa\u00e7\u00f5es novas. Mais conectado, surge a oportunidade de neg\u00f3cios e trabalhos de divulga\u00e7\u00e3o pela rede. Por ser um ambiente f\u00e9rtil, empresas brigam cada vez mais por espa\u00e7o em um ambiente altamente competitivo, em que buscar ser o destaque pode ser decisivo para o sucesso. Desta forma, o varejo precisa encarar as redes sociais sobre outro olhar. \u00c9 cada vez mais comum ver empresas capacitando suas equipes, adquirindo softwares e exercendo bons trabalhos de monitoramento de m\u00eddias.<\/p>\n<p>As empresas devem aproveitar esse cen\u00e1rio! Empresas menores muitas vezes se encontram encurraladas pois n\u00e3o possuem um grande or\u00e7amento fixo para dedicar uma equipe inteira especializada em marketing digital. Por isso, muitos empreendedores, na busca de resultados imediatos, preferem manter as estrat\u00e9gias tradicionais, porque est\u00e3o dentro do campo das obrigatoriedades, ao passo que o digital ainda \u00e9 encarado como um extra. Mas o grande erro \u00e9 pensar que um servi\u00e7o em marketing digital \u00e9 muito caro para uma tarefa \u201ct\u00e3o simples\u201d. Por isso, as ag\u00eancias precisam \u201ccortar um dobrado\u201d, por meio de indicadores, m\u00e9tricas para mostrar aos c\u00e9ticos que \u00e9 poss\u00edvel buscar bons resultados e que este \u00e9 o futuro do marketing: o marketing de dados.<\/p>\n<p>Portanto, o aconselh\u00e1vel aos empres\u00e1rios \u00e9 que eles procurem casos de sucesso com outras empresas e que encontrem um modelo de comunica\u00e7\u00e3o que atenda suas expectativas, pois entrar para o digital n\u00e3o \u00e9 mais uma escolha, mas uma necessidade.<\/p>\n<p>&nbsp;<\/p>\n<p style=\"text-align: center;\"><strong>Autor: Adriano Sant\u2019Anna, jornalista, p\u00f3s-graduado em Marketing pela UFJF, atua no Marketing Digital h\u00e1 mais de 10 anos e \u00e9 S\u00f3cio-Fundador da Plugin Web.<\/strong>&nbsp; &nbsp;&nbsp;<\/p>\n<p><img loading=\"lazy\" decoding=\"async\" class=\" size-full wp-image-84271\" src=\"http:\/\/diarioregionaljf.com.br\/wp-content\/uploads\/2017\/10\/diario-int-20813-1.jpg\" alt=\"Adriano Sant'Ana.jpg\" width=\"300\" height=\"300\" srcset=\"https:\/\/diarioregionaldigital.com.br\/wp-content\/uploads\/2017\/10\/diario-int-20813-1.jpg 450w, https:\/\/diarioregionaldigital.com.br\/wp-content\/uploads\/2017\/10\/diario-int-20813-1-150x150.jpg 150w, https:\/\/diarioregionaldigital.com.br\/wp-content\/uploads\/2017\/10\/diario-int-20813-1-300x300.jpg 300w, https:\/\/diarioregionaldigital.com.br\/wp-content\/uploads\/2017\/10\/diario-int-20813-1-180x180.jpg 180w, https:\/\/diarioregionaldigital.com.br\/wp-content\/uploads\/2017\/10\/diario-int-20813-1-120x120.jpg 120w, https:\/\/diarioregionaldigital.com.br\/wp-content\/uploads\/2017\/10\/diario-int-20813-1-360x360.jpg 360w, https:\/\/diarioregionaldigital.com.br\/wp-content\/uploads\/2017\/10\/diario-int-20813-1-80x80.jpg 80w\" sizes=\"auto, (max-width: 300px) 100vw, 300px\" \/><\/p>\n","protected":false},"excerpt":{"rendered":"<p>O que era exce\u00e7\u00e3o agora virou regra: 77% dos consumidores hoje s\u00e3o influenciados diretamente pelas redes sociais em suas decis\u00f5es de compra. Pesquisa realizada pela empresa de consultoria PricewaterhouseCoopers, foi desenvolvida para avaliar o impacto que as redes sociais trazem no consumidor do varejo n\u00e3o s\u00f3 aqui no Brasil, como no mundo inteiro. O estudo, [&hellip;]<\/p>\n","protected":false},"author":96,"featured_media":84270,"comment_status":"closed","ping_status":"closed","sticky":false,"template":"","format":"standard","meta":{"footnotes":""},"categories":[300],"tags":[],"class_list":["post-84272","post","type-post","status-publish","format-standard","has-post-thumbnail","hentry","category-coaches-club"],"_links":{"self":[{"href":"https:\/\/diarioregionaldigital.com.br\/index.php?rest_route=\/wp\/v2\/posts\/84272","targetHints":{"allow":["GET"]}}],"collection":[{"href":"https:\/\/diarioregionaldigital.com.br\/index.php?rest_route=\/wp\/v2\/posts"}],"about":[{"href":"https:\/\/diarioregionaldigital.com.br\/index.php?rest_route=\/wp\/v2\/types\/post"}],"author":[{"embeddable":true,"href":"https:\/\/diarioregionaldigital.com.br\/index.php?rest_route=\/wp\/v2\/users\/96"}],"replies":[{"embeddable":true,"href":"https:\/\/diarioregionaldigital.com.br\/index.php?rest_route=%2Fwp%2Fv2%2Fcomments&post=84272"}],"version-history":[{"count":0,"href":"https:\/\/diarioregionaldigital.com.br\/index.php?rest_route=\/wp\/v2\/posts\/84272\/revisions"}],"wp:featuredmedia":[{"embeddable":true,"href":"https:\/\/diarioregionaldigital.com.br\/index.php?rest_route=\/wp\/v2\/media\/84270"}],"wp:attachment":[{"href":"https:\/\/diarioregionaldigital.com.br\/index.php?rest_route=%2Fwp%2Fv2%2Fmedia&parent=84272"}],"wp:term":[{"taxonomy":"category","embeddable":true,"href":"https:\/\/diarioregionaldigital.com.br\/index.php?rest_route=%2Fwp%2Fv2%2Fcategories&post=84272"},{"taxonomy":"post_tag","embeddable":true,"href":"https:\/\/diarioregionaldigital.com.br\/index.php?rest_route=%2Fwp%2Fv2%2Ftags&post=84272"}],"curies":[{"name":"wp","href":"https:\/\/api.w.org\/{rel}","templated":true}]}}