{"id":84269,"date":"2017-10-30T17:18:42","date_gmt":"2017-10-30T19:18:42","guid":{"rendered":"http:\/\/diarioregionaljf.com.br\/2017\/10\/30\/tres-pessoas-ficam-feridas-apos-operacao-do-bope-na-ladeira-dos-tabajaras\/"},"modified":"2017-10-30T17:18:42","modified_gmt":"2017-10-30T19:18:42","slug":"tres-pessoas-ficam-feridas-apos-operacao-do-bope-na-ladeira-dos-tabajaras","status":"publish","type":"post","link":"https:\/\/diarioregionaldigital.com.br\/?p=84269","title":{"rendered":"Tr\u00eas pessoas ficam feridas ap\u00f3s opera\u00e7\u00e3o do Bope na Ladeira dos Tabajaras"},"content":{"rendered":"<p>Tr\u00eas pessoas ficaram feridas a tiros ap\u00f3s uma opera\u00e7\u00e3o do Batalh\u00e3o de Opera\u00e7\u00f5es Especiais (Bope) na madrugada dessa segunda-feira, 30, na Rua Euclides da Rocha, na Ladeira dos Tabajaras, em Copacabana, na zona sul do Rio de Janeiro.<\/p>\n<p>De acordo com a Pol\u00edcia Militar do Estado do Rio de Janeiro, os agentes foram informados que tr\u00eas pessoas foram encaminhadas para o Hospital Miguel Couto, no Leblon, ap\u00f3s terem sa\u00eddo da comunidade.<\/p>\n<p>Segundo a Pol\u00edcia Civil, as v\u00edtimas j\u00e1 foram identificadas e uma permanece hospitalizada. As investiga\u00e7\u00f5es est\u00e3o em andamento na 12\u00aa DP (Copacabana) para apurar os fatos. Neste momento, equipes est\u00e3o no hospital buscando mais informa\u00e7\u00f5es sobre o caso, de acordo com a corpora\u00e7\u00e3o.<\/p>\n<p>Fonte: Ag\u00eancia Brasil<\/p>\n","protected":false},"excerpt":{"rendered":"<p>Tr\u00eas pessoas ficaram feridas a tiros ap\u00f3s uma opera\u00e7\u00e3o do Batalh\u00e3o de Opera\u00e7\u00f5es Especiais (Bope) na madrugada dessa segunda-feira, 30, na Rua Euclides da Rocha, na Ladeira dos Tabajaras, em Copacabana, na zona sul do Rio de Janeiro. De acordo com a Pol\u00edcia Militar do Estado do Rio de Janeiro, os agentes foram informados que [&hellip;]<\/p>\n","protected":false},"author":96,"featured_media":84268,"comment_status":"closed","ping_status":"closed","sticky":false,"template":"","format":"standard","meta":{"footnotes":""},"categories":[302],"tags":[],"class_list":["post-84269","post","type-post","status-publish","format-standard","has-post-thumbnail","hentry","category-brasil-mundo"],"_links":{"self":[{"href":"https:\/\/diarioregionaldigital.com.br\/index.php?rest_route=\/wp\/v2\/posts\/84269","targetHints":{"allow":["GET"]}}],"collection":[{"href":"https:\/\/diarioregionaldigital.com.br\/index.php?rest_route=\/wp\/v2\/posts"}],"about":[{"href":"https:\/\/diarioregionaldigital.com.br\/index.php?rest_route=\/wp\/v2\/types\/post"}],"author":[{"embeddable":true,"href":"https:\/\/diarioregionaldigital.com.br\/index.php?rest_route=\/wp\/v2\/users\/96"}],"replies":[{"embeddable":true,"href":"https:\/\/diarioregionaldigital.com.br\/index.php?rest_route=%2Fwp%2Fv2%2Fcomments&post=84269"}],"version-history":[{"count":0,"href":"https:\/\/diarioregionaldigital.com.br\/index.php?rest_route=\/wp\/v2\/posts\/84269\/revisions"}],"wp:featuredmedia":[{"embeddable":true,"href":"https:\/\/diarioregionaldigital.com.br\/index.php?rest_route=\/wp\/v2\/media\/84268"}],"wp:attachment":[{"href":"https:\/\/diarioregionaldigital.com.br\/index.php?rest_route=%2Fwp%2Fv2%2Fmedia&parent=84269"}],"wp:term":[{"taxonomy":"category","embeddable":true,"href":"https:\/\/diarioregionaldigital.com.br\/index.php?rest_route=%2Fwp%2Fv2%2Fcategories&post=84269"},{"taxonomy":"post_tag","embeddable":true,"href":"https:\/\/diarioregionaldigital.com.br\/index.php?rest_route=%2Fwp%2Fv2%2Ftags&post=84269"}],"curies":[{"name":"wp","href":"https:\/\/api.w.org\/{rel}","templated":true}]}}