{"id":84267,"date":"2017-10-30T17:14:24","date_gmt":"2017-10-30T19:14:24","guid":{"rendered":"http:\/\/diarioregionaljf.com.br\/2017\/10\/30\/jf-sabor-oferece-oficinas-culinarias-gratuitas\/"},"modified":"2017-10-30T17:14:24","modified_gmt":"2017-10-30T19:14:24","slug":"jf-sabor-oferece-oficinas-culinarias-gratuitas","status":"publish","type":"post","link":"https:\/\/diarioregionaldigital.com.br\/?p=84267","title":{"rendered":"JF Sabor oferece oficinas culin\u00e1rias gratuitas"},"content":{"rendered":"<p>Foram definidos os temas das oficinas do Jardim Gourmet, projeto que integra a 17\u00aa edi\u00e7\u00e3o do JF Sabor, principal evento gastron\u00f4mico de Juiz de Fora e regi\u00e3o. Nos dias 31 de outubro e 1\u00ba e 2 de novembro, ser\u00e3o oferecidas nove oficinas gratuitas no lifestyle da portaria principal do Shopping Jardim Norte. Nos encontros, os cozinheiros e chefs de cozinha v\u00e3o dar dicas de preparo de pratos como risoto, pizza, panqueca e iguarias da culin\u00e1ria alem\u00e3. Para as crian\u00e7as, haver\u00e1 uma oficina de confeitaria kids. Os participantes poder\u00e3o ainda assistir \u00e0s oficinas de culin\u00e1ria sem gl\u00faten, plantas aliment\u00edcias n\u00e3o convencionais (PANC) e ainda de sucos, geleias, ch\u00e1s e molhos de pimenta. Toda a programa\u00e7\u00e3o \u00e9 gratuita e n\u00e3o necessita de inscri\u00e7\u00e3o pr\u00e9via, sendo garantidos 50 lugares por ordem de chegada em cada oficina.<\/p>\n<p>J\u00e1 no dia 4 de novembro, o Jardim Norte recebe o Deguste JF, que oferece, a pre\u00e7os promocionais, minipor\u00e7\u00f5es dos pratos e sobremesas inscritos no JF Sabor. O Deguste JF acontece no mesmo hor\u00e1rio de funcionamento do shopping, das 10h \u00e0s 22h, tamb\u00e9m no lifestyle da portaria principal do Shopping Jardim Norte.<\/p>\n<p>O JF Sabor \u00e9 realizado pela Associa\u00e7\u00e3o Brasileira de Bares e Restaurantes (Abrasel) da Zona da Mata. O evento tem car\u00e1ter competitivo, divulga a cultura gastron\u00f4mica e incrementa a frequ\u00eancia e faturamento nas casas participantes. O festival segue at\u00e9 o dia 12 de novembro, com a participa\u00e7\u00e3o de 30 restaurantes. Este ano, o JF Sabor promete superar todas as edi\u00e7\u00f5es anteriores com um tema que agrada a muita gente: cerveja. Os chefs aceitaram o desafio de usar a bebida como um dos ingredientes das receitas ou harmonizar a cerveja com seus pratos, elaborados especialmente para o festival.<\/p>\n<p>&nbsp;<\/p>\n<p><strong>PROGRAMA\u00c7\u00c3O JARDIM GOURMET<\/strong><\/p>\n<p>&#8211; <strong>31\/10, ter\u00e7a-feira<\/strong><br \/>16h &#8211; Risotos (Gastronomia CES)<br \/>17h30 &#8211; Sucos, geleias, ch\u00e1s e molhos de pimenta (Casa Madeira Delicatessen)<br \/>19h &#8211; Coquetelaria (Gastronomia CES)<\/p>\n<p>&#8211; <strong>01\/11, quarta-feira<\/strong><br \/>16h &#8211; Culin\u00e1ria sem gl\u00faten (Pluri Bistr\u00f4)<br \/>17h30 &#8211; Confeitaria kids (Gastronomia CES)<br \/>19h &#8211; Pizza (Gastronomia CES)<\/p>\n<p>&#8211; <strong>02\/11, quinta-feira<\/strong><br \/>16h &#8211; Panquecas (Boom Panquecas)<br \/>17h30 &#8211; Plantas Aliment\u00edcias N\u00e3o Convencionais &#8211; PANC (Das Haus Comedoria)<br \/>19h &#8211; Culin\u00e1ria Alem\u00e3 (Das Haus Comedoria)<\/p>\n<p>Fonte: Assessoria<\/p>\n","protected":false},"excerpt":{"rendered":"<p>Foram definidos os temas das oficinas do Jardim Gourmet, projeto que integra a 17\u00aa edi\u00e7\u00e3o do JF Sabor, principal evento gastron\u00f4mico de Juiz de Fora e regi\u00e3o. Nos dias 31 de outubro e 1\u00ba e 2 de novembro, ser\u00e3o oferecidas nove oficinas gratuitas no lifestyle da portaria principal do Shopping Jardim Norte. Nos encontros, os [&hellip;]<\/p>\n","protected":false},"author":96,"featured_media":84266,"comment_status":"closed","ping_status":"closed","sticky":false,"template":"","format":"standard","meta":{"footnotes":""},"categories":[253],"tags":[],"class_list":["post-84267","post","type-post","status-publish","format-standard","has-post-thumbnail","hentry","category-cidade"],"_links":{"self":[{"href":"https:\/\/diarioregionaldigital.com.br\/index.php?rest_route=\/wp\/v2\/posts\/84267","targetHints":{"allow":["GET"]}}],"collection":[{"href":"https:\/\/diarioregionaldigital.com.br\/index.php?rest_route=\/wp\/v2\/posts"}],"about":[{"href":"https:\/\/diarioregionaldigital.com.br\/index.php?rest_route=\/wp\/v2\/types\/post"}],"author":[{"embeddable":true,"href":"https:\/\/diarioregionaldigital.com.br\/index.php?rest_route=\/wp\/v2\/users\/96"}],"replies":[{"embeddable":true,"href":"https:\/\/diarioregionaldigital.com.br\/index.php?rest_route=%2Fwp%2Fv2%2Fcomments&post=84267"}],"version-history":[{"count":0,"href":"https:\/\/diarioregionaldigital.com.br\/index.php?rest_route=\/wp\/v2\/posts\/84267\/revisions"}],"wp:featuredmedia":[{"embeddable":true,"href":"https:\/\/diarioregionaldigital.com.br\/index.php?rest_route=\/wp\/v2\/media\/84266"}],"wp:attachment":[{"href":"https:\/\/diarioregionaldigital.com.br\/index.php?rest_route=%2Fwp%2Fv2%2Fmedia&parent=84267"}],"wp:term":[{"taxonomy":"category","embeddable":true,"href":"https:\/\/diarioregionaldigital.com.br\/index.php?rest_route=%2Fwp%2Fv2%2Fcategories&post=84267"},{"taxonomy":"post_tag","embeddable":true,"href":"https:\/\/diarioregionaldigital.com.br\/index.php?rest_route=%2Fwp%2Fv2%2Ftags&post=84267"}],"curies":[{"name":"wp","href":"https:\/\/api.w.org\/{rel}","templated":true}]}}