{"id":84263,"date":"2017-10-30T17:01:44","date_gmt":"2017-10-30T19:01:44","guid":{"rendered":"http:\/\/diarioregionaljf.com.br\/2017\/10\/30\/veterinarios-voluntarios-atendem-animais-atingidos-por-incendio-na-chapada\/"},"modified":"2017-10-30T17:01:44","modified_gmt":"2017-10-30T19:01:44","slug":"veterinarios-voluntarios-atendem-animais-atingidos-por-incendio-na-chapada","status":"publish","type":"post","link":"https:\/\/diarioregionaldigital.com.br\/?p=84263","title":{"rendered":"Veterin\u00e1rios volunt\u00e1rios atendem animais atingidos por inc\u00eandio na Chapada"},"content":{"rendered":"<p>Na Chapada dos Veadeiros, veterin\u00e1rios volunt\u00e1rios est\u00e3o a postos para atender animais atingidos pelo inc\u00eandio no Parque Nacional e arreadores. At\u00e9 o momento, foram encontradas dois filhotes de arara-canind\u00e9 e um tatu. Outros animais foram avistados, mas, aparentemente, estavam bem.<\/p>\n<p>Segundo a veterin\u00e1ria e zootecnista Am\u00e9lia Margarida de Oliveira, os dois filhotes de arara est\u00e3o se alimentando bem e em um ou dois meses dever\u00e3o ser soltos na natureza. O tatu foi capturado por um morador, mas n\u00e3o estava ferido e logo foi liberado.<\/p>\n<p>Am\u00e9lia, que \u00e9 de S\u00e3o Jo\u00e3o del Rei, Minas Gerais, faz parte do grupo Veterin\u00e1rios na Estrada, que presta atendimento em locais isolados ou atingidos por trag\u00e9dias como o inc\u00eandio no Parque Nacional da Chapada dos Veadeiros. Ela e a tamb\u00e9m veterin\u00e1ria Kelley Caminha Nemer, que integra o projeto, est\u00e3o em Cavalcante, Goi\u00e1s, com a volunt\u00e1ria Victoria Varela, veterin\u00e1ria de S\u00e3o Paulo, que est\u00e1 mudando para a cidade.<\/p>\n<p>Foram instaladas duas bases de apoio com medicamentos, kits cir\u00fargicos e v\u00e1rios equipamentos para o manejo de animais. O monitoramento est\u00e1 sendo coordenado na Reserva Bacupari, em Cavalcante, e pelo Projeto Salvar, em Alto Para\u00edso. A orienta\u00e7\u00e3o \u00e9 que, se a popula\u00e7\u00e3o encontrar animais silvestres feridos que entre em contato com as institui\u00e7\u00f5es, com o Instituto Chico Mendes de Conserva\u00e7\u00e3o da Biodiversidade (ICMBio) ou com a Pol\u00edcia Civil.<\/p>\n<p>&nbsp;<\/p>\n<h4>ANIMAIS NA ESTRADA<\/h4>\n<p>O inc\u00eandio na Chapada \u00e9 o pior j\u00e1 registrado no local. O fogo, que consumiu mais de 25% da \u00e1rea total do Parque Nacional e arreadores, fez os animais fugiram e se esconderam. Com o controle das chamas neste fim de semana, Am\u00e9lia alerta para o risco de atropelamento dos animais. \u201cAgora os animais est\u00e3o retornando para suas \u00e1reas. \u00c9 comum atravessarem a rodovia, principalmente porque a \u00e1rea que queimou n\u00e3o tem alimento\u201d, diz.<\/p>\n<p>\u201cEsse animais v\u00e3o aparecer, principalmente em rodovias, e \u00e9 poss\u00edvel ter mais animais atropelados que queimados. \u00c9 importante fazer uma campanha para que os motoristas tenham aten\u00e7\u00e3o redobrada nas estradas para evitar atropelamento de animais, inclusive de grande porte, como antas e tamandu\u00e1s-bandeira\u201d, refor\u00e7a o diretor-presidente da Funda\u00e7\u00e3o Jardim Zool\u00f3gico de Bras\u00edlia, Gerson Norberto.<\/p>\n<p>O Zool\u00f3gico de Bras\u00edlia tamb\u00e9m est\u00e1 a postos. Na semana passada, a institui\u00e7\u00e3o enviou representantes para capacitar veterin\u00e1rios para atendimento de animais silvestres e prestar atendimentos emergenciais. Como os animais ainda n\u00e3o estavam aparecendo, a equipe retornou ap\u00f3s a capacita\u00e7\u00e3o. O Zoo informa, no entanto, que poder\u00e1 enviar equipes novamente se necess\u00e1rio.<\/p>\n<p>&nbsp;<\/p>\n<h4>CASTRA\u00c7\u00c3O DE C\u00c3ES E GATOS<\/h4>\n<p>Segundo Am\u00e9lia, outra a\u00e7\u00e3o desenvolvida pelos volunt\u00e1rios \u00e9 a castra\u00e7\u00e3o de animais dom\u00e9sticos. \u201cC\u00e3es e gatos acabam invadindo a reserva para ca\u00e7ar animais silvestres e podem ser prejudiciais. Ca\u00e7am principalmente pequenos roedores.[ \u00c9] importante a conscientiza\u00e7\u00e3o [dos respons\u00e1veis] e o controle populacional desses animais.&#8221;<\/p>\n<p>A veterin\u00e1ria exlica que, sem condi\u00e7\u00f5es de ficar com filhotes, muitas fam\u00edlias acabam abandonando esses animais no mato. Eles crescem e se tornam predadores. \u201cOutro problema \u00e9 que esses animais entram na reserva e podem trazer doen\u00e7as para os seres humanos, al\u00e9m de eles mesmos adquirirem doen\u00e7as transmitidas pelos animais silvestres e tamb\u00e9m passarem doen\u00e7as para eles. Conseguimos saber facilmente se um animal dom\u00e9stico est\u00e1 doente, mas um silvestre, ele se esconde e morre\u201d, explica.<\/p>\n<p>Fonte: Ag\u00eancia Brasil<\/p>\n","protected":false},"excerpt":{"rendered":"<p>Na Chapada dos Veadeiros, veterin\u00e1rios volunt\u00e1rios est\u00e3o a postos para atender animais atingidos pelo inc\u00eandio no Parque Nacional e arreadores. At\u00e9 o momento, foram encontradas dois filhotes de arara-canind\u00e9 e um tatu. Outros animais foram avistados, mas, aparentemente, estavam bem. Segundo a veterin\u00e1ria e zootecnista Am\u00e9lia Margarida de Oliveira, os dois filhotes de arara est\u00e3o [&hellip;]<\/p>\n","protected":false},"author":96,"featured_media":84262,"comment_status":"closed","ping_status":"closed","sticky":false,"template":"","format":"standard","meta":{"footnotes":""},"categories":[302],"tags":[],"class_list":["post-84263","post","type-post","status-publish","format-standard","has-post-thumbnail","hentry","category-brasil-mundo"],"_links":{"self":[{"href":"https:\/\/diarioregionaldigital.com.br\/index.php?rest_route=\/wp\/v2\/posts\/84263","targetHints":{"allow":["GET"]}}],"collection":[{"href":"https:\/\/diarioregionaldigital.com.br\/index.php?rest_route=\/wp\/v2\/posts"}],"about":[{"href":"https:\/\/diarioregionaldigital.com.br\/index.php?rest_route=\/wp\/v2\/types\/post"}],"author":[{"embeddable":true,"href":"https:\/\/diarioregionaldigital.com.br\/index.php?rest_route=\/wp\/v2\/users\/96"}],"replies":[{"embeddable":true,"href":"https:\/\/diarioregionaldigital.com.br\/index.php?rest_route=%2Fwp%2Fv2%2Fcomments&post=84263"}],"version-history":[{"count":0,"href":"https:\/\/diarioregionaldigital.com.br\/index.php?rest_route=\/wp\/v2\/posts\/84263\/revisions"}],"wp:featuredmedia":[{"embeddable":true,"href":"https:\/\/diarioregionaldigital.com.br\/index.php?rest_route=\/wp\/v2\/media\/84262"}],"wp:attachment":[{"href":"https:\/\/diarioregionaldigital.com.br\/index.php?rest_route=%2Fwp%2Fv2%2Fmedia&parent=84263"}],"wp:term":[{"taxonomy":"category","embeddable":true,"href":"https:\/\/diarioregionaldigital.com.br\/index.php?rest_route=%2Fwp%2Fv2%2Fcategories&post=84263"},{"taxonomy":"post_tag","embeddable":true,"href":"https:\/\/diarioregionaldigital.com.br\/index.php?rest_route=%2Fwp%2Fv2%2Ftags&post=84263"}],"curies":[{"name":"wp","href":"https:\/\/api.w.org\/{rel}","templated":true}]}}