{"id":84182,"date":"2017-10-27T21:09:44","date_gmt":"2017-10-27T23:09:44","guid":{"rendered":"http:\/\/diarioregionaljf.com.br\/2017\/10\/27\/moda-show-5\/"},"modified":"2017-10-27T21:09:44","modified_gmt":"2017-10-27T23:09:44","slug":"moda-show-5","status":"publish","type":"post","link":"https:\/\/diarioregionaldigital.com.br\/?p=84182","title":{"rendered":"Moda Show"},"content":{"rendered":"<p style=\"text-align: center;\"><span class=\"h4\">Moda Show<\/span><br \/>S\u00e3o muitos eventos reunidos em um s\u00f3 nome: Veste Rio. At\u00e9 hoje, domingo, tudo e todos ligados \u00e0 moda nacional est\u00e3o de olhos voltados para o \u00faltimo dia do badalado evento. A 4\u00aa edi\u00e7\u00e3o est\u00e1 sendo realizada nos armaz\u00e9ns 2, 3 e 4 do Pier Mau\u00e1, na terra carioca. Mais de cem grifes participam do sal\u00e3o de neg\u00f3cios e o tradicional outlet. E tem desfiles tamb\u00e9m.<\/p>\n<p style=\"text-align: center;\"><span class=\"h4\">Decis\u00e3o Judicial<\/span><br \/>O campo do Tupynamb\u00e1s e outras depend\u00eancias do Est\u00e1dio Jos\u00e9 Pais Soares est\u00e3o interditados para receber eventos abertos ao p\u00fablico. A decis\u00e3o foi tomada pela justi\u00e7a a pedido do Minist\u00e9rio P\u00fablico de Minas Gerais (MPMG). O motivo foi a falta do Auto de Vistoria do Corpo de Bombeiros, sob pena de multa de R$10 mil em caso de n\u00e3o cumprimento da decis\u00e3o.<\/p>\n<p style=\"text-align: center;\"><span class=\"h4\">Na Pauta<\/span><br \/>Em boa hora, a UFJF lan\u00e7ou em sess\u00e3o concorrida o game \u201cEis a quest\u00e3o\u201d. O aplicativo vai fazer o jogador viajar pelas pesquisas da universidade e conhecer o universo da ci\u00eancia, brincando.<\/p>\n<p style=\"text-align: center;\"><span class=\"h4\">AME<\/span><br \/>Contabilizando sucesso total a equipe da AME est\u00e1 em festa. Primeiro lugar em Juiz de Fora e Minas Gerais no quesito Medicina em grupo e plano de sa\u00fade com nota 0,945 e no c\u00f4mputo geral obteve o 3\u00ba lugar entre 596 operadoras de sa\u00fade em grupos, filantropias e cooperativas, em todo o Brasil. No quesito benefici\u00e1rio obteve nota m\u00e1xima 0,999, sendo o primeiro lugar no Brasil. A pesquisa foi da Ag\u00eancia Nacional de Sa\u00fade em 2017.<\/p>\n<p style=\"text-align: center;\"><span class=\"h4\">Sucesso<\/span><br \/>Foi no Victory Business a noite de homenagem para os defensores p\u00fablicos Jeanne Pereira Barbosa e Ricardo Paulino. Eles foram agraciados pela Ouvidoria de Sa\u00fade de Juiz de Fora com o \u201cM\u00e9rito Excepcional\u201d. Ent\u00e3o palmas para eles.<\/p>\n<p style=\"text-align: center;\"><img decoding=\"async\" class=\" size-full wp-image-84172\" src=\"http:\/\/diarioregionaljf.com.br\/wp-content\/uploads\/2017\/10\/diario-int-20780-1.jpg\" alt=\"FOTOA.jpg\" width=\"680\" style=\"display: block; margin-left: auto; margin-right: auto;\" srcset=\"https:\/\/diarioregionaldigital.com.br\/wp-content\/uploads\/2017\/10\/diario-int-20780-1.jpg 680w, https:\/\/diarioregionaldigital.com.br\/wp-content\/uploads\/2017\/10\/diario-int-20780-1-300x199.jpg 300w, https:\/\/diarioregionaldigital.com.br\/wp-content\/uploads\/2017\/10\/diario-int-20780-1-360x238.jpg 360w\" sizes=\"(max-width: 680px) 100vw, 680px\" \/>O advogado e modelo Rom\u00e1rio Rodrigues est\u00e1 pronto para brilhar nas passarelas e editoriais de moda em Juiz de Fora. Ele foi fotografado por Guilherme Matheus para esta coluna<\/p>\n<p style=\"text-align: center;\"><img decoding=\"async\" class=\" size-full wp-image-84173\" src=\"http:\/\/diarioregionaljf.com.br\/wp-content\/uploads\/2017\/10\/diario-int-20780-2.jpg\" alt=\"FOTOB.jpg\" width=\"680\" style=\"display: block; margin-left: auto; margin-right: auto;\" srcset=\"https:\/\/diarioregionaldigital.com.br\/wp-content\/uploads\/2017\/10\/diario-int-20780-2.jpg 680w, https:\/\/diarioregionaldigital.com.br\/wp-content\/uploads\/2017\/10\/diario-int-20780-2-300x169.jpg 300w, https:\/\/diarioregionaldigital.com.br\/wp-content\/uploads\/2017\/10\/diario-int-20780-2-360x202.jpg 360w\" sizes=\"(max-width: 680px) 100vw, 680px\" \/>No pr\u00e9-lan\u00e7amento da loja Natuzzi no Spazio Design, Marcelo Goyat\u00e1 Filho, Russa Goyat\u00e1, Marcelo Goyat\u00e1, Rafael Fajardo e Maria Clara Lopes<\/p>\n<p style=\"text-align: center;\"><img decoding=\"async\" class=\" size-full wp-image-84174\" src=\"http:\/\/diarioregionaljf.com.br\/wp-content\/uploads\/2017\/10\/diario-int-20780-3.jpg\" alt=\"FOTOC.jpg\" width=\"680\" style=\"display: block; margin-left: auto; margin-right: auto;\" srcset=\"https:\/\/diarioregionaldigital.com.br\/wp-content\/uploads\/2017\/10\/diario-int-20780-3.jpg 680w, https:\/\/diarioregionaldigital.com.br\/wp-content\/uploads\/2017\/10\/diario-int-20780-3-300x169.jpg 300w, https:\/\/diarioregionaldigital.com.br\/wp-content\/uploads\/2017\/10\/diario-int-20780-3-360x203.jpg 360w\" sizes=\"(max-width: 680px) 100vw, 680px\" \/>No lan\u00e7amento Ver\u00e3o na Arpel Alameda, Mariana Delmonte, Patr\u00edcia Alvim, Mariana Ghedin Siqueira e Da\u00e7a Sudr\u00e9<\/p>\n<p style=\"text-align: center;\"><img decoding=\"async\" class=\" size-full wp-image-84175\" src=\"http:\/\/diarioregionaljf.com.br\/wp-content\/uploads\/2017\/10\/diario-int-20780-4.jpg\" alt=\"FOTOD.jpg\" width=\"680\" style=\"display: block; margin-left: auto; margin-right: auto;\" srcset=\"https:\/\/diarioregionaldigital.com.br\/wp-content\/uploads\/2017\/10\/diario-int-20780-4.jpg 680w, https:\/\/diarioregionaldigital.com.br\/wp-content\/uploads\/2017\/10\/diario-int-20780-4-300x199.jpg 300w, https:\/\/diarioregionaldigital.com.br\/wp-content\/uploads\/2017\/10\/diario-int-20780-4-360x238.jpg 360w\" sizes=\"(max-width: 680px) 100vw, 680px\" \/>Na festa de 18 anos do Privil\u00e9ge, Meire Milhomens, Sandra Cordeiro, Myrliane Le\u00e3o e Deninha Toledo<\/p>\n<p style=\"text-align: center;\"><img decoding=\"async\" class=\" size-full wp-image-84176\" src=\"http:\/\/diarioregionaljf.com.br\/wp-content\/uploads\/2017\/10\/diario-int-20780-5.jpg\" alt=\"FOTOE.jpg\" width=\"680\" style=\"display: block; margin-left: auto; margin-right: auto;\" srcset=\"https:\/\/diarioregionaldigital.com.br\/wp-content\/uploads\/2017\/10\/diario-int-20780-5.jpg 680w, https:\/\/diarioregionaldigital.com.br\/wp-content\/uploads\/2017\/10\/diario-int-20780-5-300x169.jpg 300w, https:\/\/diarioregionaldigital.com.br\/wp-content\/uploads\/2017\/10\/diario-int-20780-5-360x202.jpg 360w\" sizes=\"(max-width: 680px) 100vw, 680px\" \/>No Spazio Design no pr\u00e9 lan\u00e7amento da loja Natuzzi, Russa Goyat\u00e1, Eduardo Gomes, Sumara Villas-Boas, Luc\u00edola Gon\u00e7alves e Rodrigo Motta<\/p>\n<p style=\"text-align: center;\"><img decoding=\"async\" class=\" size-full wp-image-84177\" src=\"http:\/\/diarioregionaljf.com.br\/wp-content\/uploads\/2017\/10\/diario-int-20780-6.jpg\" alt=\"FOTOF.jpg\" width=\"680\" style=\"display: block; margin-left: auto; margin-right: auto;\" srcset=\"https:\/\/diarioregionaldigital.com.br\/wp-content\/uploads\/2017\/10\/diario-int-20780-6.jpg 680w, https:\/\/diarioregionaldigital.com.br\/wp-content\/uploads\/2017\/10\/diario-int-20780-6-266x300.jpg 266w, https:\/\/diarioregionaldigital.com.br\/wp-content\/uploads\/2017\/10\/diario-int-20780-6-360x407.jpg 360w\" sizes=\"(max-width: 680px) 100vw, 680px\" \/>No Constantino hotel, a atriz Cl\u00e1udia Alencar e Wagner Caj\u00e1<\/p>\n<p style=\"text-align: center;\"><img decoding=\"async\" class=\" size-full wp-image-84178\" src=\"http:\/\/diarioregionaljf.com.br\/wp-content\/uploads\/2017\/10\/diario-int-20780-7.JPG\" alt=\"FOTOG.JPG\" width=\"680\" style=\"display: block; margin-left: auto; margin-right: auto;\" srcset=\"https:\/\/diarioregionaldigital.com.br\/wp-content\/uploads\/2017\/10\/diario-int-20780-7.JPG 680w, https:\/\/diarioregionaldigital.com.br\/wp-content\/uploads\/2017\/10\/diario-int-20780-7-300x225.jpg 300w, https:\/\/diarioregionaldigital.com.br\/wp-content\/uploads\/2017\/10\/diario-int-20780-7-360x270.jpg 360w\" sizes=\"(max-width: 680px) 100vw, 680px\" \/>Duda Delmonte no coquetel-ver\u00e3o na Arpel Alameda<\/p>\n<p style=\"text-align: center;\"><img decoding=\"async\" class=\" size-full wp-image-84179\" src=\"http:\/\/diarioregionaljf.com.br\/wp-content\/uploads\/2017\/10\/diario-int-20780-8.jpg\" alt=\"FOTOH.jpg\" width=\"680\" style=\"display: block; margin-left: auto; margin-right: auto;\" srcset=\"https:\/\/diarioregionaldigital.com.br\/wp-content\/uploads\/2017\/10\/diario-int-20780-8.jpg 680w, https:\/\/diarioregionaldigital.com.br\/wp-content\/uploads\/2017\/10\/diario-int-20780-8-300x199.jpg 300w, https:\/\/diarioregionaldigital.com.br\/wp-content\/uploads\/2017\/10\/diario-int-20780-8-360x238.jpg 360w\" sizes=\"(max-width: 680px) 100vw, 680px\" \/>Na Festa dos M\u00e9dicos da Unimed na Esta\u00e7\u00e3o S\u00e3o Pedro, Lu\u00eds Ant\u00f4nio Naresi, Jorge Her\u00e9dia e Cac\u00e1 Salermo<\/p>\n<p style=\"text-align: center;\"><img decoding=\"async\" class=\" size-full wp-image-84180\" src=\"http:\/\/diarioregionaljf.com.br\/wp-content\/uploads\/2017\/10\/diario-int-20780-9.jpg\" alt=\"FOTOI.jpg\" width=\"680\" style=\"display: block; margin-left: auto; margin-right: auto;\" srcset=\"https:\/\/diarioregionaldigital.com.br\/wp-content\/uploads\/2017\/10\/diario-int-20780-9.jpg 680w, https:\/\/diarioregionaldigital.com.br\/wp-content\/uploads\/2017\/10\/diario-int-20780-9-300x199.jpg 300w, https:\/\/diarioregionaldigital.com.br\/wp-content\/uploads\/2017\/10\/diario-int-20780-9-360x238.jpg 360w\" sizes=\"(max-width: 680px) 100vw, 680px\" \/>Comemorando sucesso na m\u00fasica e nas artes pl\u00e1sticas, Luis Gamonal e Nequitz Miguel<\/p>\n<p style=\"text-align: center;\"><img decoding=\"async\" class=\" size-full wp-image-84181\" src=\"http:\/\/diarioregionaljf.com.br\/wp-content\/uploads\/2017\/10\/diario-int-20780-10.jpg\" alt=\"FOTOJ.jpg\" width=\"680\" style=\"display: block; margin-left: auto; margin-right: auto;\" srcset=\"https:\/\/diarioregionaldigital.com.br\/wp-content\/uploads\/2017\/10\/diario-int-20780-10.jpg 680w, https:\/\/diarioregionaldigital.com.br\/wp-content\/uploads\/2017\/10\/diario-int-20780-10-300x199.jpg 300w, https:\/\/diarioregionaldigital.com.br\/wp-content\/uploads\/2017\/10\/diario-int-20780-10-360x238.jpg 360w\" sizes=\"(max-width: 680px) 100vw, 680px\" \/>Festejando sucesso na loja Jorge Bischoff, Gra\u00e7a Trezza, C\u00e9sar Monteiro e Elaine Cruz<\/p>\n<p class=\"h4\" style=\"text-align: center;\">FOTOSS\u00edNTESE<\/p>\n<p>Para o dia 4 de novembro, o Muzik apresenta a partir das 22h, a festa Fervo &#8211; Pool Party com os DJs Fabioc e Leda. Vai bombar.<\/p>\n<p>Foi aberto em grande estilo a Lojinha Coletiva no Espa\u00e7o Manufato, na rua Moraes e Castro, n\u00ba 307. Mais do que um espa\u00e7o colaborativo, o espa\u00e7o re\u00fane artistas e empreendedores com o objetivo de compartilhar prop\u00f3sitos, ideias, ferramentas e conex\u00f5es. Vai funcionar de 3\u00aa a s\u00e1bado de 14 \u00e0s 19h.<\/p>\n<p>Produtor nota mil, Igor Carvalhaes agendou para 18 de novembro, \u00e0s 23h, no Pub\u2019s, a mais top edi\u00e7\u00e3o de sua festa, a Groove Love. Cheia de amor. Vai bombar.<\/p>\n<p>Digna de elogios, a baiana e juiz-forana de cora\u00e7\u00e3o Beatriz Ferreira venceu o torneio de boxe realizado em Sofia na Bulg\u00e1ria, trazendo o ouro para o Brasil. Ela superou a canadense Caroline Veyre na categoria at\u00e9 60 kg.<\/p>\n<p>O Espa\u00e7o Compartilha, no Granbery, est\u00e1 com suas paredes revestidas com as pinturas de Marcela Lima.<\/p>\n<p>Fazendo sucesso a cole\u00e7\u00e3o-ver\u00e3o da Martina com bonitas camisas da linha Dudalina (para eles e para elas).<\/p>\n<p>Glenilson de Carvalho e Amanda de Oliveira venceram a corrida da Ascomcer, pen\u00faltima prova do calend\u00e1rio de r\u00fasticas de Juiz de Fora.<\/p>\n<p>A elegante Vera Burnier Ganimi comemora seus 80 anos neste domingo, 29, ao lado de familiares no Hotel Guanabara, em S\u00e3o Louren\u00e7o. Parab\u00e9ns.<\/p>\n<p>Din\u00e2mica e competente, a Promotora de Justi\u00e7a em Ub\u00e1, Tha\u00eds Lamin, foi agraciada com a \u201cMedalha Santos Dumont\u201d, em Cabangu.<\/p>\n<p>At\u00e9 o dia 6 de novembro acontece, no Centro de Eventos Capit\u00f3lio, o 5\u00ba Feir\u00e3o Juiz de Fora de m\u00f3veis, colch\u00f5es, \u00e1rea externa, estofados e decora\u00e7\u00e3o direto da f\u00e1brica.<\/p>\n<p>Marcelo do Carmo, chefe do Departamento de Turismo da UFJF, participou em Belo Horizonte do F\u00f3rum de Turismo LGBT de Minas Gerais.<\/p>\n<p>Prevendo apoio em pesquisa para desenvolvimento de transplante, a Santa Casa de Miseric\u00f3rdia de Juiz de Fora fechou parceria com a Universidade Johns Hopkins (EUA). O contato foi feito pelo m\u00e9dico Gustavo Fernandes Ferreira durante congresso em Barcelona.<\/p>\n<p>Para o almo\u00e7o de domingo, a dica \u00e9 o festival JF Sabor com o prato da Esta\u00e7\u00e3o Grill, no Alto dos Passos. Na mesa, o Fil\u00e9 Dijon de risoto de Shitake e batatas r\u00fasticas.<\/p>\n<p>Para anotar: Procure observar a realidade com os olhos criativos e se atrever a descrev\u00ea-la com todas as nuances da subjetividade. Bom dia.<\/p>\n","protected":false},"excerpt":{"rendered":"<p>Moda ShowS\u00e3o muitos eventos reunidos em um s\u00f3 nome: Veste Rio. At\u00e9 hoje, domingo, tudo e todos ligados \u00e0 moda nacional est\u00e3o de olhos voltados para o \u00faltimo dia do badalado evento. A 4\u00aa edi\u00e7\u00e3o est\u00e1 sendo realizada nos armaz\u00e9ns 2, 3 e 4 do Pier Mau\u00e1, na terra carioca. Mais de cem grifes participam [&hellip;]<\/p>\n","protected":false},"author":96,"featured_media":84171,"comment_status":"closed","ping_status":"closed","sticky":false,"template":"","format":"standard","meta":{"footnotes":""},"categories":[264],"tags":[],"class_list":["post-84182","post","type-post","status-publish","format-standard","has-post-thumbnail","hentry","category-eduardo-gomes"],"_links":{"self":[{"href":"https:\/\/diarioregionaldigital.com.br\/index.php?rest_route=\/wp\/v2\/posts\/84182","targetHints":{"allow":["GET"]}}],"collection":[{"href":"https:\/\/diarioregionaldigital.com.br\/index.php?rest_route=\/wp\/v2\/posts"}],"about":[{"href":"https:\/\/diarioregionaldigital.com.br\/index.php?rest_route=\/wp\/v2\/types\/post"}],"author":[{"embeddable":true,"href":"https:\/\/diarioregionaldigital.com.br\/index.php?rest_route=\/wp\/v2\/users\/96"}],"replies":[{"embeddable":true,"href":"https:\/\/diarioregionaldigital.com.br\/index.php?rest_route=%2Fwp%2Fv2%2Fcomments&post=84182"}],"version-history":[{"count":0,"href":"https:\/\/diarioregionaldigital.com.br\/index.php?rest_route=\/wp\/v2\/posts\/84182\/revisions"}],"wp:featuredmedia":[{"embeddable":true,"href":"https:\/\/diarioregionaldigital.com.br\/index.php?rest_route=\/wp\/v2\/media\/84171"}],"wp:attachment":[{"href":"https:\/\/diarioregionaldigital.com.br\/index.php?rest_route=%2Fwp%2Fv2%2Fmedia&parent=84182"}],"wp:term":[{"taxonomy":"category","embeddable":true,"href":"https:\/\/diarioregionaldigital.com.br\/index.php?rest_route=%2Fwp%2Fv2%2Fcategories&post=84182"},{"taxonomy":"post_tag","embeddable":true,"href":"https:\/\/diarioregionaldigital.com.br\/index.php?rest_route=%2Fwp%2Fv2%2Ftags&post=84182"}],"curies":[{"name":"wp","href":"https:\/\/api.w.org\/{rel}","templated":true}]}}