{"id":84169,"date":"2017-10-27T20:20:29","date_gmt":"2017-10-27T22:20:29","guid":{"rendered":"http:\/\/diarioregionaljf.com.br\/2017\/10\/27\/lei-concede-prioridade-no-recebimento-do-imposto-de-renda-a-professores\/"},"modified":"2017-10-27T20:20:29","modified_gmt":"2017-10-27T22:20:29","slug":"lei-concede-prioridade-no-recebimento-do-imposto-de-renda-a-professores","status":"publish","type":"post","link":"https:\/\/diarioregionaldigital.com.br\/?p=84169","title":{"rendered":"Lei concede prioridade no recebimento do imposto de renda a professores"},"content":{"rendered":"<p>Os professores ser\u00e3o a segunda categoria a ter prioridade para recebimento da restitui\u00e7\u00e3o do imposto de renda, depois dos idosos. \u00c9 o que estabelece a Lei 13.498\/2017, publicada no Di\u00e1rio Oficial da Uni\u00e3o dessa sexta-feira, 27.<\/p>\n<p>A lei entra em vigor em 1\u00ba de janeiro de 2018. Tem origem no Projeto de Lei do Senado (PLS) 6\/2009, aprovado no Senado em maio de 2011 e ratificado sem modifica\u00e7\u00f5es na C\u00e2mara dos Deputados em agosto deste ano.<\/p>\n<p>Atualmente, pessoas com idade igual ou superior a 60 anos t\u00eam prioridade no recebimento da restitui\u00e7\u00e3o do Imposto de Renda da Pessoa F\u00edsica (IRPF), de acordo com o Estatuto do Idoso (Lei 10.741\/2003).<\/p>\n<p>A nova legisla\u00e7\u00e3o altera a lei sobre o IRPF (Lei 9.250\/1995) para assegurar que contribuintes cuja maior fonte de renda seja o magist\u00e9rio fiquem em segundo lugar nessa prioridade.<\/p>\n<p>O autor do PLS, senador Cristovam Buarque (PPS-DF), afirmou na justificativa do projeto que o novo benef\u00edcio \u201cn\u00e3o vai gerar custo para o Estado, que n\u00e3o abrir\u00e1 m\u00e3o de qualquer valor, n\u00e3o pagar\u00e1 nada a mais para os professores\u201d. Na avalia\u00e7\u00e3o do senador, \u201cdesse modo, estaremos estimulando a melhoria da educa\u00e7\u00e3o no pa\u00eds sem gastar um \u00fanico centavo dos cofres p\u00fablicos\u201d.<\/p>\n<p>Fonte: Ag\u00eancia Senado<\/p>\n","protected":false},"excerpt":{"rendered":"<p>Os professores ser\u00e3o a segunda categoria a ter prioridade para recebimento da restitui\u00e7\u00e3o do imposto de renda, depois dos idosos. \u00c9 o que estabelece a Lei 13.498\/2017, publicada no Di\u00e1rio Oficial da Uni\u00e3o dessa sexta-feira, 27. A lei entra em vigor em 1\u00ba de janeiro de 2018. Tem origem no Projeto de Lei do Senado [&hellip;]<\/p>\n","protected":false},"author":96,"featured_media":84168,"comment_status":"closed","ping_status":"closed","sticky":false,"template":"","format":"standard","meta":{"footnotes":""},"categories":[254],"tags":[],"class_list":["post-84169","post","type-post","status-publish","format-standard","has-post-thumbnail","hentry","category-politica"],"_links":{"self":[{"href":"https:\/\/diarioregionaldigital.com.br\/index.php?rest_route=\/wp\/v2\/posts\/84169","targetHints":{"allow":["GET"]}}],"collection":[{"href":"https:\/\/diarioregionaldigital.com.br\/index.php?rest_route=\/wp\/v2\/posts"}],"about":[{"href":"https:\/\/diarioregionaldigital.com.br\/index.php?rest_route=\/wp\/v2\/types\/post"}],"author":[{"embeddable":true,"href":"https:\/\/diarioregionaldigital.com.br\/index.php?rest_route=\/wp\/v2\/users\/96"}],"replies":[{"embeddable":true,"href":"https:\/\/diarioregionaldigital.com.br\/index.php?rest_route=%2Fwp%2Fv2%2Fcomments&post=84169"}],"version-history":[{"count":0,"href":"https:\/\/diarioregionaldigital.com.br\/index.php?rest_route=\/wp\/v2\/posts\/84169\/revisions"}],"wp:featuredmedia":[{"embeddable":true,"href":"https:\/\/diarioregionaldigital.com.br\/index.php?rest_route=\/wp\/v2\/media\/84168"}],"wp:attachment":[{"href":"https:\/\/diarioregionaldigital.com.br\/index.php?rest_route=%2Fwp%2Fv2%2Fmedia&parent=84169"}],"wp:term":[{"taxonomy":"category","embeddable":true,"href":"https:\/\/diarioregionaldigital.com.br\/index.php?rest_route=%2Fwp%2Fv2%2Fcategories&post=84169"},{"taxonomy":"post_tag","embeddable":true,"href":"https:\/\/diarioregionaldigital.com.br\/index.php?rest_route=%2Fwp%2Fv2%2Ftags&post=84169"}],"curies":[{"name":"wp","href":"https:\/\/api.w.org\/{rel}","templated":true}]}}