{"id":84165,"date":"2017-10-27T20:01:45","date_gmt":"2017-10-27T22:01:45","guid":{"rendered":"http:\/\/diarioregionaljf.com.br\/2017\/10\/27\/itabira-celebra-115-anos-de-drummond-com-festival-literario\/"},"modified":"2017-10-27T20:01:45","modified_gmt":"2017-10-27T22:01:45","slug":"itabira-celebra-115-anos-de-drummond-com-festival-literario","status":"publish","type":"post","link":"https:\/\/diarioregionaldigital.com.br\/?p=84165","title":{"rendered":"Itabira celebra 115 anos de Drummond com festival liter\u00e1rio"},"content":{"rendered":"<p>Entre os dias 28 e 31 de outubro (s\u00e1bado a ter\u00e7a-feira), Itabira vai respirar literatura, cultura, m\u00fasica e gastronomia. No ano em que o poeta Carlos Drummond de Andrade completaria 115 anos, a Prefeitura de Itabira, por meio da Funda\u00e7\u00e3o Carlos Drummond de Andrade (FCCDA) e do grupo teatral Latrupe, promove o 1\u00b0 Festival Drummond &#8211; Festa Liter\u00e1ria de Itabira.<\/p>\n<p>Com a proposta de celebrar a literatura, o 1\u00ba Festival Drummond trar\u00e1 palestras, escritores, conta\u00e7\u00e3o de hist\u00f3rias, mesas redondas e grandes shows. Al\u00e9m disso, o p\u00fablico poder\u00e1 participar de bate-papos, oficinas e lan\u00e7amentos de livros. Todos os eventos ser\u00e3o gratuitos e realizados no Memorial Carlos Drummond de Andrade &#8211; Pico do Amor &#8211; onde tendas estar\u00e3o montadas para as diversas atra\u00e7\u00f5es culturais programadas.<\/p>\n<p>Uma delas ser\u00e1 o poeta da literatura de cordel Br\u00e1ulio Bessa, que participa semanalmente do programa de televis\u00e3o Encontro com F\u00e1tima Bernardes, da Rede Globo. Juarez Nogueira, uma das maiores influ\u00eancias no campo da reda\u00e7\u00e3o voltada para o Exame Nacional do Ensino M\u00e9dio (Enem), tamb\u00e9m marcar\u00e1 presen\u00e7a no evento.<\/p>\n<p>O festival contar\u00e1 ainda com palestras de grandes nomes da literatura nacional, como Ronaldo Sim\u00f5es, Sheila Paiva, Fabiana Schimitz, Alberto Villas e Francisco Greg\u00f3rio. O secret\u00e1rio de Estado de Cultura, Angelo Oswaldo, tamb\u00e9m participa da programa\u00e7\u00e3o e far\u00e1 uma palestra na ter\u00e7a-feira, 31.<\/p>\n<p>A Concha Ac\u00fastica, mais uma vez, ser\u00e1 palco para grandes apresenta\u00e7\u00f5es, como Marcus Viana e Transf\u00f4nica Orkestra. Um dos principais compositores da m\u00fasica instrumental brasileira, Marcus Viana criou o grupo que apresenta elementos sinf\u00f4nicos fundidos \u00e0s ra\u00edzes brasileiras e afro-amer\u00edndios. Outra importante atra\u00e7\u00e3o \u00e9 o Clube do Choro de Belo Horizonte, que far\u00e1 um espet\u00e1culo com a participa\u00e7\u00e3o do jornalista Acir Ant\u00e3o, da emissora de r\u00e1dio mineira Itatiaia.<\/p>\n<p>Os eventos e informa\u00e7\u00f5es sobre todas as atra\u00e7\u00f5es programadas, bem como a estrutura preparada para o Festival Liter\u00e1rio de Itabira j\u00e1 est\u00e1 no site <a href=\"http:\/\/www.festivaldrummond.com.br\">www.festivaldrummond.com.br<\/a>.<\/p>\n<p>&nbsp;<\/p>\n<p><strong>PROGRAMA\u00c7\u00c3O<\/strong><\/p>\n<p>&#8211; <strong>28 de outubro (s\u00e1bado)<\/strong><br \/>9h &#8211; Oficina: Adolpho &#8211; Musicaliza\u00e7\u00e3o Infantil<br \/>10h &#8211; Bate-papo: Alfredo Lima<br \/>14h &#8211; Oficina: Adolpho &#8211; Musicaliza\u00e7\u00e3o Infantil<br \/>16h &#8211; Atividade: Conta\u00e7\u00e3o de hist\u00f3rias &#8211; Grupo Alecrim<br \/>16h &#8211; Palestra: Fabiana Schimitz<br \/>17h &#8211; Palestra: Sheila Paiva de Andrade<br \/>18h &#8211; Abertura Oficial<br \/>19h &#8211; Palestra: Alberto Villas<br \/>22h &#8211; Show: Marcus Viana e Transf\u00f4nica Orkestra<\/p>\n<p>&#8211; <strong>29 de outubro (domingo)<\/strong><br \/>10h &#8211; Palestra: Juarez Nogueira<br \/>11h &#8211; Mesa Redonda: professores do Super Mais Educa\u00e7\u00e3o sobre reda\u00e7\u00e3o do Enem<br \/>14h &#8211; Atividade: Encontro Liter\u00e1rio &#8211; Luxando com Letras<br \/>16h &#8211; Atividade: Bruno Rivotrio e Ol\u00edmpio Latrupe (Mesa redonda, neuroci\u00eancia, m\u00fasica e sa\u00fade)<br \/>17h &#8211; Palestra: Francisco Greg\u00f3rio Filho<br \/>18h &#8211; Palestra: Guilherme Fiuza<br \/>19h30 &#8211; Show: Clube do Choro com Acir Ant\u00e3o<br \/>21h &#8211; Show: Banda Rivotrio<\/p>\n<p>&#8211; <strong>30 de outubro (segunda-feira)<\/strong><br \/>9h &#8211; Oficinas: Francisco Greg\u00f3rio &#8211; Ler e contar, contar e ler (Educa\u00e7\u00e3o para educadores, artistas, contadores de hist\u00f3rias, estudantes de pedagogia, psicologia etc)<br \/>10h &#8211; Bate-papo: Elizete Lisboa<br \/>14h &#8211; Oficinas: T\u00ealo Oliveira &#8211; Desenhos em Quadrinhos &#8211; Musicaliza\u00e7\u00e3o Infantil<br \/>16h &#8211; Lan\u00e7amento de livro &#8211; Marco T\u00falio<br \/>17h &#8211; Oficinas: T\u00ealo Oliveira: Desenhos em Quadrinhos &#8211; Musicaliza\u00e7\u00e3o Infantil<br \/>17h30 &#8211; Palestra: Nitro &#8211; M\u00e3es do C\u00e1rcere<br \/>19h &#8211; Palestra: Br\u00e1ulio Bessa<br \/>21h &#8211; Show: Katumbi<\/p>\n<p>&#8211; <strong>31 de outubro (ter\u00e7a-feira)<\/strong><br \/>9h &#8211; Oficinas: T\u00ealo Oliveira: Desenhos em Quadrinhos &#8211; Musicaliza\u00e7\u00e3o Infantil<br \/>12h &#8211; Oficinas: T\u00ealo Oliveira: Desenhos em Quadrinhos &#8211; Musicaliza\u00e7\u00e3o Infantil<br \/>17h &#8211; Palestra: Ronaldo Sim\u00f5es<br \/>18h &#8211; Premia\u00e7\u00e3o do Concurso Nacional de Poesia Carlos Drummond de Andrade<br \/>19h &#8211; Palestra: Angelo Oswaldo de Ara\u00fajo Santos \u2013 Secret\u00e1rio de Estado da Cultura<br \/>21h &#8211; Show: Danuza Menezes e Pandeiro Mineiro<\/p>\n<p>Fonte: Ag\u00eancia Minas<\/p>\n","protected":false},"excerpt":{"rendered":"<p>Entre os dias 28 e 31 de outubro (s\u00e1bado a ter\u00e7a-feira), Itabira vai respirar literatura, cultura, m\u00fasica e gastronomia. No ano em que o poeta Carlos Drummond de Andrade completaria 115 anos, a Prefeitura de Itabira, por meio da Funda\u00e7\u00e3o Carlos Drummond de Andrade (FCCDA) e do grupo teatral Latrupe, promove o 1\u00b0 Festival Drummond [&hellip;]<\/p>\n","protected":false},"author":96,"featured_media":84164,"comment_status":"closed","ping_status":"closed","sticky":false,"template":"","format":"standard","meta":{"footnotes":""},"categories":[256],"tags":[],"class_list":["post-84165","post","type-post","status-publish","format-standard","has-post-thumbnail","hentry","category-cultura"],"_links":{"self":[{"href":"https:\/\/diarioregionaldigital.com.br\/index.php?rest_route=\/wp\/v2\/posts\/84165","targetHints":{"allow":["GET"]}}],"collection":[{"href":"https:\/\/diarioregionaldigital.com.br\/index.php?rest_route=\/wp\/v2\/posts"}],"about":[{"href":"https:\/\/diarioregionaldigital.com.br\/index.php?rest_route=\/wp\/v2\/types\/post"}],"author":[{"embeddable":true,"href":"https:\/\/diarioregionaldigital.com.br\/index.php?rest_route=\/wp\/v2\/users\/96"}],"replies":[{"embeddable":true,"href":"https:\/\/diarioregionaldigital.com.br\/index.php?rest_route=%2Fwp%2Fv2%2Fcomments&post=84165"}],"version-history":[{"count":0,"href":"https:\/\/diarioregionaldigital.com.br\/index.php?rest_route=\/wp\/v2\/posts\/84165\/revisions"}],"wp:featuredmedia":[{"embeddable":true,"href":"https:\/\/diarioregionaldigital.com.br\/index.php?rest_route=\/wp\/v2\/media\/84164"}],"wp:attachment":[{"href":"https:\/\/diarioregionaldigital.com.br\/index.php?rest_route=%2Fwp%2Fv2%2Fmedia&parent=84165"}],"wp:term":[{"taxonomy":"category","embeddable":true,"href":"https:\/\/diarioregionaldigital.com.br\/index.php?rest_route=%2Fwp%2Fv2%2Fcategories&post=84165"},{"taxonomy":"post_tag","embeddable":true,"href":"https:\/\/diarioregionaldigital.com.br\/index.php?rest_route=%2Fwp%2Fv2%2Ftags&post=84165"}],"curies":[{"name":"wp","href":"https:\/\/api.w.org\/{rel}","templated":true}]}}