{"id":84163,"date":"2017-10-27T19:57:40","date_gmt":"2017-10-27T21:57:40","guid":{"rendered":"http:\/\/diarioregionaljf.com.br\/2017\/10\/27\/casa-da-menina-artesa-e-cci-participam-de-oficina-de-boliche\/"},"modified":"2017-10-27T19:57:40","modified_gmt":"2017-10-27T21:57:40","slug":"casa-da-menina-artesa-e-cci-participam-de-oficina-de-boliche","status":"publish","type":"post","link":"https:\/\/diarioregionaldigital.com.br\/?p=84163","title":{"rendered":"Casa da Menina Artes\u00e3 e CCI participam de oficina de boliche"},"content":{"rendered":"<p>Para trabalhar a intera\u00e7\u00e3o entre as gera\u00e7\u00f5es, a Casa da Menina Artes\u00e3 e o Centro de Conviv\u00eancia do Idoso (CCI) realizaram uma oficina de boliche na manh\u00e3 desta sexta-feira, 27. Esta a\u00e7\u00e3o integrada \u00e9 fruto de uma parceria entre as organiza\u00e7\u00f5es que fazem parte do Servi\u00e7o de Conviv\u00eancia e Fortalecimento de V\u00ednculos (SCFV) da Secretaria de Desenvolvimento Social (SDS) da Prefeitura de Juiz de Fora (PJF).<\/p>\n<p>A coordenadora do CCI, Ros\u00e2ngela Bonoto, explica que a vitalidade dos idosos surpreende os jovens. &#8220;Quando realizamos atividades de intergeracionalidade, os adolescentes se surpreendem com a quantidade de atividades dos idosos. A conviv\u00eancia entre gera\u00e7\u00f5es, \u00e0s vezes, \u00e9 conflituosa, por isso, buscamos trabalhar a paci\u00eancia e o cuidado entre eles&#8221;, ressalta.<\/p>\n<p><strong>Casa da Menina Artes\u00e3<\/strong><\/p>\n<p>A Casa da Menina Artes\u00e3 \u00e9 voltada para adolescentes com idade entre 12 e 24 anos. O objetivo principal \u00e9 a inclus\u00e3o social por meio de oficinas de trabalho de produ\u00e7\u00e3o artesanal, com gera\u00e7\u00e3o de renda. Para participar, as interessadas devem se cadastrar no Centro de Refer\u00eancia de Assist\u00eancia Social (Cras) mais pr\u00f3ximo de sua resid\u00eancia. O equipamento fica na Pra\u00e7a Ant\u00f4nio Carlos, 371 \u2013 Centro. O telefone para contato \u00e9 o 3690-7226.<\/p>\n<p><strong>CCI<\/strong><\/p>\n<p>O Centro de Conviv\u00eancia do Idoso realiza a\u00e7\u00f5es visando a garantir o envelhecimento saud\u00e1vel no munic\u00edpio. Entre as atividades oferecidas, est\u00e3o aulas de gin\u00e1stica, dan\u00e7a, trabalhos manuais, teatro, jogos, ioga e aulas de inform\u00e1tica. A unidade fica na Rua Esp\u00edrito Santo, 434, Centro. O telefone de contato \u00e9 o 3690-7365.<\/p>\n<hr \/>\n<p>&nbsp;Fonte: Assessoria<\/p>\n","protected":false},"excerpt":{"rendered":"<p>Para trabalhar a intera\u00e7\u00e3o entre as gera\u00e7\u00f5es, a Casa da Menina Artes\u00e3 e o Centro de Conviv\u00eancia do Idoso (CCI) realizaram uma oficina de boliche na manh\u00e3 desta sexta-feira, 27. Esta a\u00e7\u00e3o integrada \u00e9 fruto de uma parceria entre as organiza\u00e7\u00f5es que fazem parte do Servi\u00e7o de Conviv\u00eancia e Fortalecimento de V\u00ednculos (SCFV) da Secretaria [&hellip;]<\/p>\n","protected":false},"author":96,"featured_media":84162,"comment_status":"closed","ping_status":"closed","sticky":false,"template":"","format":"standard","meta":{"footnotes":""},"categories":[256],"tags":[],"class_list":["post-84163","post","type-post","status-publish","format-standard","has-post-thumbnail","hentry","category-cultura"],"_links":{"self":[{"href":"https:\/\/diarioregionaldigital.com.br\/index.php?rest_route=\/wp\/v2\/posts\/84163","targetHints":{"allow":["GET"]}}],"collection":[{"href":"https:\/\/diarioregionaldigital.com.br\/index.php?rest_route=\/wp\/v2\/posts"}],"about":[{"href":"https:\/\/diarioregionaldigital.com.br\/index.php?rest_route=\/wp\/v2\/types\/post"}],"author":[{"embeddable":true,"href":"https:\/\/diarioregionaldigital.com.br\/index.php?rest_route=\/wp\/v2\/users\/96"}],"replies":[{"embeddable":true,"href":"https:\/\/diarioregionaldigital.com.br\/index.php?rest_route=%2Fwp%2Fv2%2Fcomments&post=84163"}],"version-history":[{"count":0,"href":"https:\/\/diarioregionaldigital.com.br\/index.php?rest_route=\/wp\/v2\/posts\/84163\/revisions"}],"wp:featuredmedia":[{"embeddable":true,"href":"https:\/\/diarioregionaldigital.com.br\/index.php?rest_route=\/wp\/v2\/media\/84162"}],"wp:attachment":[{"href":"https:\/\/diarioregionaldigital.com.br\/index.php?rest_route=%2Fwp%2Fv2%2Fmedia&parent=84163"}],"wp:term":[{"taxonomy":"category","embeddable":true,"href":"https:\/\/diarioregionaldigital.com.br\/index.php?rest_route=%2Fwp%2Fv2%2Fcategories&post=84163"},{"taxonomy":"post_tag","embeddable":true,"href":"https:\/\/diarioregionaldigital.com.br\/index.php?rest_route=%2Fwp%2Fv2%2Ftags&post=84163"}],"curies":[{"name":"wp","href":"https:\/\/api.w.org\/{rel}","templated":true}]}}