{"id":84135,"date":"2017-10-27T19:15:11","date_gmt":"2017-10-27T21:15:11","guid":{"rendered":"http:\/\/diarioregionaljf.com.br\/2017\/10\/27\/defesa-pede-que-juiz-reconsidere-transferencia-de-cabral\/"},"modified":"2017-10-27T19:15:11","modified_gmt":"2017-10-27T21:15:11","slug":"defesa-pede-que-juiz-reconsidere-transferencia-de-cabral","status":"publish","type":"post","link":"https:\/\/diarioregionaldigital.com.br\/?p=84135","title":{"rendered":"Defesa pede que juiz reconsidere transfer\u00eancia de Cabral"},"content":{"rendered":"<p>Os advogados de defesa do ex-governador do Rio, S\u00e9rgio Cabral, enviaram nessa sexta-feira, 27, um pedido de desculpas ao juiz da 7\u00aa Vara Federal Criminal do Rio, Marcelo Bretas para que o magistrado reconsidere a decis\u00e3o de transfer\u00eancia de seu cliente para um pres\u00eddio federal em Campo Grande (MS), como determinado pelo Departamento Penitenci\u00e1rio (Depen), \u00f3rg\u00e3o do Minist\u00e9rio da Justi\u00e7a.<\/p>\n<p>A transfer\u00eancia foi motivada por Cabral ter citado, em depoimento prestado na semana passada, que a fam\u00edlia do magistrado trabalha com bijuterias, justificando seu pr\u00f3prio depoimento de que &#8220;n\u00e3o se lava dinheiro com compra de j\u00f3ias&#8221;. A defesa justificou o pedido de reconsidera\u00e7\u00e3o alegando \u201cque, no momento do depoimento, n\u00e3o se tratava de um pol\u00edtico, um ex-governador, mas de um homem que, na condi\u00e7\u00e3o de r\u00e9u, teve uma descarga emocional materializada em rea\u00e7\u00e3o absolutamente humana. Despropositada, mas humana\u201d.<\/p>\n<p>A defesa disse ainda que outras considera\u00e7\u00f5es feitas por Cabral, como a de que Bretas tentar se promover por meio das condena\u00e7\u00f5es impostas ao r\u00e9u, foram \u201cbem infelizes&#8221; e que teriam sido potencializadas pelo fato de o acusado j\u00e1 estar condenado a mais de 70 anos de reclus\u00e3o\u201d.<\/p>\n<p>O pedido \u00e9 assinado pelos advogados Rodrigo Roca e Luciano Saldanha, que argumentam que &#8220;a transfer\u00eancia de Cabral causar\u00e1 dificuldades para a defesa t\u00e9cnica, uma vez que h\u00e1 15 processos na 7\u00aa Vara Federal Criminal, sendo que 13 em fase de instru\u00e7\u00e3o e senten\u00e7a\u201d.<\/p>\n<p>Fonte: Ag\u00eancia Brasil<\/p>\n","protected":false},"excerpt":{"rendered":"<p>Os advogados de defesa do ex-governador do Rio, S\u00e9rgio Cabral, enviaram nessa sexta-feira, 27, um pedido de desculpas ao juiz da 7\u00aa Vara Federal Criminal do Rio, Marcelo Bretas para que o magistrado reconsidere a decis\u00e3o de transfer\u00eancia de seu cliente para um pres\u00eddio federal em Campo Grande (MS), como determinado pelo Departamento Penitenci\u00e1rio (Depen), [&hellip;]<\/p>\n","protected":false},"author":96,"featured_media":84134,"comment_status":"closed","ping_status":"closed","sticky":false,"template":"","format":"standard","meta":{"footnotes":""},"categories":[302],"tags":[],"class_list":["post-84135","post","type-post","status-publish","format-standard","has-post-thumbnail","hentry","category-brasil-mundo"],"_links":{"self":[{"href":"https:\/\/diarioregionaldigital.com.br\/index.php?rest_route=\/wp\/v2\/posts\/84135","targetHints":{"allow":["GET"]}}],"collection":[{"href":"https:\/\/diarioregionaldigital.com.br\/index.php?rest_route=\/wp\/v2\/posts"}],"about":[{"href":"https:\/\/diarioregionaldigital.com.br\/index.php?rest_route=\/wp\/v2\/types\/post"}],"author":[{"embeddable":true,"href":"https:\/\/diarioregionaldigital.com.br\/index.php?rest_route=\/wp\/v2\/users\/96"}],"replies":[{"embeddable":true,"href":"https:\/\/diarioregionaldigital.com.br\/index.php?rest_route=%2Fwp%2Fv2%2Fcomments&post=84135"}],"version-history":[{"count":0,"href":"https:\/\/diarioregionaldigital.com.br\/index.php?rest_route=\/wp\/v2\/posts\/84135\/revisions"}],"wp:featuredmedia":[{"embeddable":true,"href":"https:\/\/diarioregionaldigital.com.br\/index.php?rest_route=\/wp\/v2\/media\/84134"}],"wp:attachment":[{"href":"https:\/\/diarioregionaldigital.com.br\/index.php?rest_route=%2Fwp%2Fv2%2Fmedia&parent=84135"}],"wp:term":[{"taxonomy":"category","embeddable":true,"href":"https:\/\/diarioregionaldigital.com.br\/index.php?rest_route=%2Fwp%2Fv2%2Fcategories&post=84135"},{"taxonomy":"post_tag","embeddable":true,"href":"https:\/\/diarioregionaldigital.com.br\/index.php?rest_route=%2Fwp%2Fv2%2Ftags&post=84135"}],"curies":[{"name":"wp","href":"https:\/\/api.w.org\/{rel}","templated":true}]}}