{"id":84131,"date":"2017-10-27T19:05:03","date_gmt":"2017-10-27T21:05:03","guid":{"rendered":"http:\/\/diarioregionaljf.com.br\/2017\/10\/27\/mpf-instaura-inquerito-para-investigar-se-incendio-na-chapada-foi-criminoso\/"},"modified":"2017-10-27T19:05:03","modified_gmt":"2017-10-27T21:05:03","slug":"mpf-instaura-inquerito-para-investigar-se-incendio-na-chapada-foi-criminoso","status":"publish","type":"post","link":"https:\/\/diarioregionaldigital.com.br\/?p=84131","title":{"rendered":"MPF instaura inqu\u00e9rito para investigar se inc\u00eandio na Chapada foi criminoso"},"content":{"rendered":"<p>Diante de informa\u00e7\u00f5es de que o inc\u00eandio na Chapada dos Veadeiros, em Goi\u00e1s, \u00e9 criminoso, o Minist\u00e9rio P\u00fablico Federal (MPF) em Luzi\u00e2nia (GO) cobrou esclarecimentos da Pol\u00edcia Federal, do Parque Nacional da Chapada dos Veadeiros e do munic\u00edpio de Alto Para\u00edso de Goi\u00e1s. Eles ter\u00e3o o prazo de cinco dias para encaminhar informa\u00e7\u00f5es ao MPF relacionadas ao inc\u00eandio.<\/p>\n<p>As informa\u00e7\u00f5es ser\u00e3o prestadas no inqu\u00e9rito civil para apurar as causas ou o que contribuiu para o in\u00edcio ou avan\u00e7o do inc\u00eandio de grandes propor\u00e7\u00f5es que ocorre no Parque Nacional, instaurado nessa quinta-feira, 26. O fogo j\u00e1 consumiu 26% da \u00e1rea total do parque.<\/p>\n<p>Como um dos argumentos, o MPF destaca que o local foi palco de intensa disputa judicial, especialmente no processo de amplia\u00e7\u00e3o do Parque Nacional, que passou de 65 mil para 240 mil hectares. Uma das hip\u00f3teses que circula nas cidades \u00e9 de que o inc\u00eandio seja mantido por pessoas contr\u00e1rias \u00e0 amplia\u00e7\u00e3o.<\/p>\n<p>Como primeira provid\u00eancia, a procuradora da Rep\u00fablica N\u00e1dia Simas Souza expediu of\u00edcios \u00e0 Pol\u00edcia Federal, ao Parque Nacional da Chapada dos Veadeiros e ao munic\u00edpio de Alto Para\u00edso de Goi\u00e1s.<\/p>\n<p>\u00c0 Pol\u00edcia Federal, o MPF solicitou informa\u00e7\u00f5es atualizadas sobre as medidas adotadas para a apura\u00e7\u00e3o de poss\u00edveis crimes relacionados ao inc\u00eandio no Parque e se j\u00e1 h\u00e1 inqu\u00e9rito policial instaurado. Quanto ao munic\u00edpio de Alto Para\u00edso de Goi\u00e1s, o MPF quer saber quais foram as provid\u00eancias adotadas para que a situa\u00e7\u00e3o de emerg\u00eancia declarada pela prefeitura seja reconhecida pelo governo federal.<\/p>\n<p>Em rela\u00e7\u00e3o ao Parque Nacional da Chapada dos Veadeiros, o MPF quer informa\u00e7\u00f5es sobre a instaura\u00e7\u00e3o de procedimento administrativo para apurar as causas ensejadoras do inc\u00eandio, se ele foi acidental ou proposital, sendo que, nessa \u00faltima hip\u00f3tese, que aponte a exist\u00eancia de poss\u00edveis elementos de informa\u00e7\u00e3o que possam conduzir \u00e0 sua autoria.<\/p>\n<p>Fonte: Ag\u00eancia Brasil<\/p>\n","protected":false},"excerpt":{"rendered":"<p>Diante de informa\u00e7\u00f5es de que o inc\u00eandio na Chapada dos Veadeiros, em Goi\u00e1s, \u00e9 criminoso, o Minist\u00e9rio P\u00fablico Federal (MPF) em Luzi\u00e2nia (GO) cobrou esclarecimentos da Pol\u00edcia Federal, do Parque Nacional da Chapada dos Veadeiros e do munic\u00edpio de Alto Para\u00edso de Goi\u00e1s. Eles ter\u00e3o o prazo de cinco dias para encaminhar informa\u00e7\u00f5es ao MPF [&hellip;]<\/p>\n","protected":false},"author":96,"featured_media":84130,"comment_status":"closed","ping_status":"closed","sticky":false,"template":"","format":"standard","meta":{"footnotes":""},"categories":[302],"tags":[],"class_list":["post-84131","post","type-post","status-publish","format-standard","has-post-thumbnail","hentry","category-brasil-mundo"],"_links":{"self":[{"href":"https:\/\/diarioregionaldigital.com.br\/index.php?rest_route=\/wp\/v2\/posts\/84131","targetHints":{"allow":["GET"]}}],"collection":[{"href":"https:\/\/diarioregionaldigital.com.br\/index.php?rest_route=\/wp\/v2\/posts"}],"about":[{"href":"https:\/\/diarioregionaldigital.com.br\/index.php?rest_route=\/wp\/v2\/types\/post"}],"author":[{"embeddable":true,"href":"https:\/\/diarioregionaldigital.com.br\/index.php?rest_route=\/wp\/v2\/users\/96"}],"replies":[{"embeddable":true,"href":"https:\/\/diarioregionaldigital.com.br\/index.php?rest_route=%2Fwp%2Fv2%2Fcomments&post=84131"}],"version-history":[{"count":0,"href":"https:\/\/diarioregionaldigital.com.br\/index.php?rest_route=\/wp\/v2\/posts\/84131\/revisions"}],"wp:featuredmedia":[{"embeddable":true,"href":"https:\/\/diarioregionaldigital.com.br\/index.php?rest_route=\/wp\/v2\/media\/84130"}],"wp:attachment":[{"href":"https:\/\/diarioregionaldigital.com.br\/index.php?rest_route=%2Fwp%2Fv2%2Fmedia&parent=84131"}],"wp:term":[{"taxonomy":"category","embeddable":true,"href":"https:\/\/diarioregionaldigital.com.br\/index.php?rest_route=%2Fwp%2Fv2%2Fcategories&post=84131"},{"taxonomy":"post_tag","embeddable":true,"href":"https:\/\/diarioregionaldigital.com.br\/index.php?rest_route=%2Fwp%2Fv2%2Ftags&post=84131"}],"curies":[{"name":"wp","href":"https:\/\/api.w.org\/{rel}","templated":true}]}}