{"id":84126,"date":"2017-10-27T18:30:29","date_gmt":"2017-10-27T20:30:29","guid":{"rendered":"http:\/\/diarioregionaljf.com.br\/2017\/10\/27\/a-voz-da-matematica\/"},"modified":"2018-04-16T08:04:58","modified_gmt":"2018-04-16T11:04:58","slug":"a-voz-da-matematica","status":"publish","type":"post","link":"https:\/\/diarioregionaldigital.com.br\/?p=84126","title":{"rendered":"A voz da Matem\u00e1tica"},"content":{"rendered":"<p>A convite do ex-Ministro Ernane Galv\u00eaas, fiz uma confer\u00eancia sobre o ensino da Matem\u00e1tica, no Conselho T\u00e9cnico da Confedera\u00e7\u00e3o Nacional do Com\u00e9rcio de Bens, Servi\u00e7os e Turismo. Lembrei os bons tempos em que me formei na ci\u00eancia do racioc\u00ednio, na antiga e saudosa UERJ. Hoje, quero dar voz aos amigos que falaram, depois da confer\u00eancia, com coment\u00e1rios que me deram grande prazer. A come\u00e7ar pela conselheira Olga Simbalista: \u201cEu nunca poderia imaginar que algu\u00e9m fizesse uma palestra t\u00e3o bonita sobre Matem\u00e1tica, assunto \u00e1rido, mas que \u00e9 da minha predile\u00e7\u00e3o. Uma coisa que tamb\u00e9m me fascina \u00e9 o alfabeto maia. Ele \u00e9 mais sutil que o alfabeto ar\u00e1bico. Foi assim que os maias conseguiram ter aquele calend\u00e1rio que vai a milhares de anos, com uma precis\u00e3o da matem\u00e1tica moderna\u201d.<\/p>\n<p>Depois foi a vez de Asp\u00e1sia Camargo. Disse que a Matem\u00e1tica \u00e9 a mais inteligente das ci\u00eancias, embora os seus professores gostem em geral de ser s\u00e1dicos (gostam de torturar os alunos). \u201cDeveria se dar vez a uma Matem\u00e1tica mais livre e criativa, de jogos, de coisas inteligentes como essas que o Arnaldo nos mostrou aqui\u201d.<\/p>\n<p>Aur\u00e9lio Wander Soares falou na habilidade e na sabedoria do orador. Citou a Teoria Pura do Direito, de Hans Kelsen: \u201cO Direito \u00e9 uma ci\u00eancia abstrata e t\u00e3o pura quanto a Matem\u00e1tica.\u201d O economista Julian Chacel, figura importante da Funda\u00e7\u00e3o Get\u00falio Vargas, sentado numa mesa que tem a forma de elipse, sentiu falta de uma refer\u00eancia a Ren\u00e9 Descartes e a sua geometria anal\u00edtica: \u201cN\u00f3s vivemos muito no mundo das ordenadas e abscissas\u201d.<\/p>\n<p>J\u00e1 o embaixador Marcos Azambuja elogiou muito a confer\u00eancia, que chamou de extraordin\u00e1ria. \u201c\u00c9 uma das formas mais altas do talento humano\u201d. Aproveitou para elogiar o Instituto de Matem\u00e1tica Pura e Aplicada do Brasil: \u201c\u00c9 uma das poucas entidades do nosso pa\u00eds de reputa\u00e7\u00e3o verdadeiramente internacional&#8221;. Mencionou que o Brasil \u00e9 um pa\u00eds l\u00fadico, que joga no \u201cbicho\u201d, que aposta na loteria esportiva, na Sena, o brasileiro vive jogando matematicamente: \u201cSomos um pa\u00eds r\u00edtmico, num\u00e9rico e absolutamente voltado para isso&#8221;.<\/p>\n<p>Ant\u00f4nio Celso Alves Pereira, que foi reitor da UERJ, fez um coment\u00e1rio muito simp\u00e1tico sobre a biografia do orador: \u201cLembrei com muita emo\u00e7\u00e3o de todos os nomes que voc\u00ea citou, nos tempos gloriosos da UERJ. Suas aulas eram concorrid\u00edssimas, professor brilhante que foi&#8230;Fiquei com saudade, pois hoje vejo praticamente a destrui\u00e7\u00e3o daquela universidade. Muitos professores se bandearam para as universidades federais. E faltam professores de Matem\u00e1tica no Brasil. \u00c9 algo profundamente lament\u00e1vel em disciplinas como Matem\u00e1tica, F\u00edsica, Qu\u00edmica, Hist\u00f3ria e Geografia. O Brasil est\u00e1 mergulhado num caos total no ensino das licenciaturas. N\u00e3o posso concordar com esse quadro\u201d.<\/p>\n<p>Depois, foi a vez do embaixador Jos\u00e9 Botafogo Gon\u00e7alves: \u201cNum mundo anti-pitag\u00f3rico, estamos matando a Matem\u00e1tica e a M\u00fasica, pois nenhuma das duas est\u00e1 funcionando devidamente em nosso pa\u00eds. No caso da primeira delas, sugiro utilizar no\u00e7\u00f5es b\u00e1sicas de Contabilidade, para a sua valoriza\u00e7\u00e3o&#8221;.<\/p>\n<p>Quando chegou a vez de Rubens Cysne, da FGV, ele explicou que j\u00e1 conhecia a contribui\u00e7\u00e3o de Arnaldo Niskier no campo da Educa\u00e7\u00e3o: \u201cFiquei ainda mais seu admirador pelo que fez tamb\u00e9m na \u00e1rea da Matem\u00e1tica\u201d.<\/p>\n<p>Fez a homenagem que cabia: \u201cEu me inscrevi entre os oradores para lembrar a mem\u00f3ria do professor Elon Lages Lima, que faleceu em maio, vinte anos depois da morte de outro grande matem\u00e1tico brasileiro, que foi o professor M\u00e1rio Henrique Simonsen. Ambos deram grande externalidade \u00e0 nossa Escola de P\u00f3s-gradua\u00e7\u00e3o em Economia, onde ensinaram in\u00fameros professores do IMPA, como os dois citados e mais C\u00e9sar e Maria Isabel Camacho, al\u00e9m de Lindolfo Dias. Foi quando grandes engenheiros migraram para a Economia. Isso gerou uma grande discuss\u00e3o. Devia-se estudar equa\u00e7\u00f5es dific\u00edlimas ou ensinar a pensar? Foi vitoriosa a tese de que o melhor seria ensinar a pensar, como defendia o professor Elon\u201d.<\/p>\n","protected":false},"excerpt":{"rendered":"<p>A convite do ex-Ministro Ernane Galv\u00eaas, fiz uma confer\u00eancia sobre o ensino da Matem\u00e1tica, no Conselho T\u00e9cnico da Confedera\u00e7\u00e3o Nacional do Com\u00e9rcio de Bens, Servi\u00e7os e Turismo. Lembrei os bons tempos em que me formei na ci\u00eancia do racioc\u00ednio, na antiga e saudosa UERJ. Hoje, quero dar voz aos amigos que falaram, depois da confer\u00eancia, [&hellip;]<\/p>\n","protected":false},"author":96,"featured_media":0,"comment_status":"closed","ping_status":"closed","sticky":false,"template":"","format":"standard","meta":{"footnotes":""},"categories":[275],"tags":[],"class_list":["post-84126","post","type-post","status-publish","format-standard","hentry","category-arnaldo-niskier"],"_links":{"self":[{"href":"https:\/\/diarioregionaldigital.com.br\/index.php?rest_route=\/wp\/v2\/posts\/84126","targetHints":{"allow":["GET"]}}],"collection":[{"href":"https:\/\/diarioregionaldigital.com.br\/index.php?rest_route=\/wp\/v2\/posts"}],"about":[{"href":"https:\/\/diarioregionaldigital.com.br\/index.php?rest_route=\/wp\/v2\/types\/post"}],"author":[{"embeddable":true,"href":"https:\/\/diarioregionaldigital.com.br\/index.php?rest_route=\/wp\/v2\/users\/96"}],"replies":[{"embeddable":true,"href":"https:\/\/diarioregionaldigital.com.br\/index.php?rest_route=%2Fwp%2Fv2%2Fcomments&post=84126"}],"version-history":[{"count":0,"href":"https:\/\/diarioregionaldigital.com.br\/index.php?rest_route=\/wp\/v2\/posts\/84126\/revisions"}],"wp:attachment":[{"href":"https:\/\/diarioregionaldigital.com.br\/index.php?rest_route=%2Fwp%2Fv2%2Fmedia&parent=84126"}],"wp:term":[{"taxonomy":"category","embeddable":true,"href":"https:\/\/diarioregionaldigital.com.br\/index.php?rest_route=%2Fwp%2Fv2%2Fcategories&post=84126"},{"taxonomy":"post_tag","embeddable":true,"href":"https:\/\/diarioregionaldigital.com.br\/index.php?rest_route=%2Fwp%2Fv2%2Ftags&post=84126"}],"curies":[{"name":"wp","href":"https:\/\/api.w.org\/{rel}","templated":true}]}}