{"id":84125,"date":"2017-10-27T18:27:34","date_gmt":"2017-10-27T20:27:34","guid":{"rendered":"http:\/\/diarioregionaljf.com.br\/2017\/10\/27\/brasil-e-portugal-assinam-acordo-para-melhorar-comercio-eletronico\/"},"modified":"2017-10-27T18:27:34","modified_gmt":"2017-10-27T20:27:34","slug":"brasil-e-portugal-assinam-acordo-para-melhorar-comercio-eletronico","status":"publish","type":"post","link":"https:\/\/diarioregionaldigital.com.br\/?p=84125","title":{"rendered":"Brasil e Portugal assinam acordo para melhorar com\u00e9rcio eletr\u00f4nico"},"content":{"rendered":"<p>Brasil e Portugal assinaram acordo nessa sexta-feira, 27, para a amplia\u00e7\u00e3o do com\u00e9rcio eletr\u00f4nico entre os dois pa\u00edses. O objetivo \u00e9 aumentar a efici\u00eancia e a competitividade dos produtos de correio expresso.<\/p>\n<p>De acordo com os Correios do Brasil, uma das mudan\u00e7as previstas com o novo acordo \u00e9 a melhoria na qualidade de informa\u00e7\u00e3o nos fluxos postais, permitindo um rastreamento mais completo que facilita a previs\u00e3o de entrega das encomendas postadas principalmente para quem efetua compras e vendas via internet.<\/p>\n<p>\u201cO com\u00e9rcio eletr\u00f4nico aproximou os pa\u00edses do mundo todo, e \u00e9 nosso papel fomentar essa aproxima\u00e7\u00e3o, proporcionando mais seguran\u00e7a e comodidade para quem compra pela internet em sites de outros pa\u00edses. O acordo assinado com o CTT \u00e9 estrat\u00e9gico na otimiza\u00e7\u00e3o desse processo\u201d, afirmou o presidente dos Correios do Brasil, Guilherme Campos.<\/p>\n<p>Na pr\u00e1tica, o novo acordo prev\u00ea a migra\u00e7\u00e3o da carga de e-commerce (compras e vendas feitas pela internet) que, em sua maior parte, chega ao Brasil pelos servi\u00e7os Registrado e Simples (sem registro), para uma plataforma mais qualificada, atendendo \u00e0s condi\u00e7\u00f5es de recebimento do Novo Modelo de Importa\u00e7\u00e3o, como por exemplo, o envio de informa\u00e7\u00f5es eletr\u00f4nicas.<\/p>\n<p>Para o presidente dos correio de Portugal (CTT), Francisco de Lacerda, a moderniza\u00e7\u00e3o do servi\u00e7o s\u00f3 tem a desenvolver a presta\u00e7\u00e3o dos servi\u00e7os postais de ambos os pa\u00edses.<\/p>\n<p>\u201cO com\u00e9rcio eletr\u00f4nico \u00e9, a par dos servi\u00e7os banc\u00e1rios e financeiros, um dos eixos estrat\u00e9gicos de desenvolvimento dos CTT, e acreditamos que estes acordos agora assinados com o Brasil s\u00e3o uma das chaves para o desenvolvimento das trocas neste corredor atl\u00e2ntico, aproveitando a crescente digitaliza\u00e7\u00e3o da economia e a liga\u00e7\u00e3o tradicionalmente relevante entre as comunidades de ambos os pa\u00edses\u201d.<\/p>\n<p>Anteriormente, ap\u00f3s a libera\u00e7\u00e3o pela Alf\u00e2ndega, as encomendas registradas postadas entre Brasil e Portugal levavam em m\u00e9dia 40 dias \u00fateis para ser entregues. Agora, com o novo acordo, a previs\u00e3o \u00e9 que esse prazo caia para 12 dias \u00fateis, em m\u00e9dia, ap\u00f3s a libera\u00e7\u00e3o da Alf\u00e2ndega.<\/p>\n<p>Fonte: Ag\u00eancia Brasil<\/p>\n","protected":false},"excerpt":{"rendered":"<p>Brasil e Portugal assinaram acordo nessa sexta-feira, 27, para a amplia\u00e7\u00e3o do com\u00e9rcio eletr\u00f4nico entre os dois pa\u00edses. O objetivo \u00e9 aumentar a efici\u00eancia e a competitividade dos produtos de correio expresso. De acordo com os Correios do Brasil, uma das mudan\u00e7as previstas com o novo acordo \u00e9 a melhoria na qualidade de informa\u00e7\u00e3o nos [&hellip;]<\/p>\n","protected":false},"author":96,"featured_media":84124,"comment_status":"closed","ping_status":"closed","sticky":false,"template":"","format":"standard","meta":{"footnotes":""},"categories":[302],"tags":[],"class_list":["post-84125","post","type-post","status-publish","format-standard","has-post-thumbnail","hentry","category-brasil-mundo"],"_links":{"self":[{"href":"https:\/\/diarioregionaldigital.com.br\/index.php?rest_route=\/wp\/v2\/posts\/84125","targetHints":{"allow":["GET"]}}],"collection":[{"href":"https:\/\/diarioregionaldigital.com.br\/index.php?rest_route=\/wp\/v2\/posts"}],"about":[{"href":"https:\/\/diarioregionaldigital.com.br\/index.php?rest_route=\/wp\/v2\/types\/post"}],"author":[{"embeddable":true,"href":"https:\/\/diarioregionaldigital.com.br\/index.php?rest_route=\/wp\/v2\/users\/96"}],"replies":[{"embeddable":true,"href":"https:\/\/diarioregionaldigital.com.br\/index.php?rest_route=%2Fwp%2Fv2%2Fcomments&post=84125"}],"version-history":[{"count":0,"href":"https:\/\/diarioregionaldigital.com.br\/index.php?rest_route=\/wp\/v2\/posts\/84125\/revisions"}],"wp:featuredmedia":[{"embeddable":true,"href":"https:\/\/diarioregionaldigital.com.br\/index.php?rest_route=\/wp\/v2\/media\/84124"}],"wp:attachment":[{"href":"https:\/\/diarioregionaldigital.com.br\/index.php?rest_route=%2Fwp%2Fv2%2Fmedia&parent=84125"}],"wp:term":[{"taxonomy":"category","embeddable":true,"href":"https:\/\/diarioregionaldigital.com.br\/index.php?rest_route=%2Fwp%2Fv2%2Fcategories&post=84125"},{"taxonomy":"post_tag","embeddable":true,"href":"https:\/\/diarioregionaldigital.com.br\/index.php?rest_route=%2Fwp%2Fv2%2Ftags&post=84125"}],"curies":[{"name":"wp","href":"https:\/\/api.w.org\/{rel}","templated":true}]}}