{"id":84123,"date":"2017-10-27T18:24:59","date_gmt":"2017-10-27T20:24:59","guid":{"rendered":"http:\/\/diarioregionaljf.com.br\/2017\/10\/27\/operacoes-das-forcas-armadas-no-rio-custaram-ate-o-momento-r-25-milhoes\/"},"modified":"2017-10-27T18:24:59","modified_gmt":"2017-10-27T20:24:59","slug":"operacoes-das-forcas-armadas-no-rio-custaram-ate-o-momento-r-25-milhoes","status":"publish","type":"post","link":"https:\/\/diarioregionaldigital.com.br\/?p=84123","title":{"rendered":"Opera\u00e7\u00f5es das For\u00e7as Armadas no Rio custaram at\u00e9 o momento R$25 milh\u00f5es"},"content":{"rendered":"<p>A mobiliza\u00e7\u00e3o das For\u00e7as Armadas no Rio de Janeiro custou de julho deste ano at\u00e9 essa sexta-feira, 27, cerca de R$25 milh\u00f5es aos cofres da Uni\u00e3o. A informa\u00e7\u00e3o foi divulgada pelo chefe do Estado-Maior Conjunto das Opera\u00e7\u00f5es em Apoio ao Plano Nacional de Seguran\u00e7a no Rio, almirante Roberto Rossatto. O plano prev\u00ea gastos de at\u00e9 R$47 milh\u00f5es.<\/p>\n<p>Hoje, as For\u00e7as Armadas fizeram uma a\u00e7\u00e3o conjunta com as pol\u00edcias estaduais do Rio no complexo do S\u00e3o Carlos e no Morro da Mineira, na regi\u00e3o central do Rio de Janeiro. O objetivo era prender suspeitos de envolvimento na disputa pelos pontos de venda de drogas da Rocinha, iniciada em setembro. Dezesseis pessoas foram presas.<\/p>\n<p>O Plano Nacional de Seguran\u00e7a no Rio come\u00e7ou no final de julho deste ano. A maior opera\u00e7\u00e3o foi uma ocupa\u00e7\u00e3o de uma semana da comunidade da Rocinha, no final de setembro.<\/p>\n<p>Fonte: Ag\u00eancia Brasil<\/p>\n","protected":false},"excerpt":{"rendered":"<p>A mobiliza\u00e7\u00e3o das For\u00e7as Armadas no Rio de Janeiro custou de julho deste ano at\u00e9 essa sexta-feira, 27, cerca de R$25 milh\u00f5es aos cofres da Uni\u00e3o. A informa\u00e7\u00e3o foi divulgada pelo chefe do Estado-Maior Conjunto das Opera\u00e7\u00f5es em Apoio ao Plano Nacional de Seguran\u00e7a no Rio, almirante Roberto Rossatto. O plano prev\u00ea gastos de at\u00e9 [&hellip;]<\/p>\n","protected":false},"author":96,"featured_media":84122,"comment_status":"closed","ping_status":"closed","sticky":false,"template":"","format":"standard","meta":{"footnotes":""},"categories":[302],"tags":[],"class_list":["post-84123","post","type-post","status-publish","format-standard","has-post-thumbnail","hentry","category-brasil-mundo"],"_links":{"self":[{"href":"https:\/\/diarioregionaldigital.com.br\/index.php?rest_route=\/wp\/v2\/posts\/84123","targetHints":{"allow":["GET"]}}],"collection":[{"href":"https:\/\/diarioregionaldigital.com.br\/index.php?rest_route=\/wp\/v2\/posts"}],"about":[{"href":"https:\/\/diarioregionaldigital.com.br\/index.php?rest_route=\/wp\/v2\/types\/post"}],"author":[{"embeddable":true,"href":"https:\/\/diarioregionaldigital.com.br\/index.php?rest_route=\/wp\/v2\/users\/96"}],"replies":[{"embeddable":true,"href":"https:\/\/diarioregionaldigital.com.br\/index.php?rest_route=%2Fwp%2Fv2%2Fcomments&post=84123"}],"version-history":[{"count":0,"href":"https:\/\/diarioregionaldigital.com.br\/index.php?rest_route=\/wp\/v2\/posts\/84123\/revisions"}],"wp:featuredmedia":[{"embeddable":true,"href":"https:\/\/diarioregionaldigital.com.br\/index.php?rest_route=\/wp\/v2\/media\/84122"}],"wp:attachment":[{"href":"https:\/\/diarioregionaldigital.com.br\/index.php?rest_route=%2Fwp%2Fv2%2Fmedia&parent=84123"}],"wp:term":[{"taxonomy":"category","embeddable":true,"href":"https:\/\/diarioregionaldigital.com.br\/index.php?rest_route=%2Fwp%2Fv2%2Fcategories&post=84123"},{"taxonomy":"post_tag","embeddable":true,"href":"https:\/\/diarioregionaldigital.com.br\/index.php?rest_route=%2Fwp%2Fv2%2Ftags&post=84123"}],"curies":[{"name":"wp","href":"https:\/\/api.w.org\/{rel}","templated":true}]}}