{"id":84121,"date":"2017-10-27T18:16:45","date_gmt":"2017-10-27T20:16:45","guid":{"rendered":"http:\/\/diarioregionaljf.com.br\/2017\/10\/27\/senado-espanhol-aprova-intervencao-do-governo-na-catalunha\/"},"modified":"2017-10-27T18:16:45","modified_gmt":"2017-10-27T20:16:45","slug":"senado-espanhol-aprova-intervencao-do-governo-na-catalunha","status":"publish","type":"post","link":"https:\/\/diarioregionaldigital.com.br\/?p=84121","title":{"rendered":"Senado espanhol aprova interven\u00e7\u00e3o do governo na Catalunha"},"content":{"rendered":"<p>O Senado espanhol aprovou por 214 votos a favor, 47 contra e uma absten\u00e7\u00e3o a aplica\u00e7\u00e3o do artigo 155 da Constitui\u00e7\u00e3o espanhola, para suspender a autonomia da Catalunha e destituir o l\u00edder regional, Carles Puigdemont. O dispositivo interfere ainda no governo da regi\u00e3o aut\u00f4noma. A decis\u00e3o aconteceu por volta das 16h (12h hor\u00e1rio de Bras\u00edlia).<\/p>\n<p>Est\u00e1 marcada para as 19h de hoje (15h no hor\u00e1rio de Bras\u00edlia) uma reuni\u00e3o extraordin\u00e1ria do Conselho de Ministros, que vai efetivar a interven\u00e7\u00e3o do governo espanhol na Catalunha.<\/p>\n<p>De acordo com o presidente espanhol, Mariano Rajoy, \u00e9 inevit\u00e1vel a imediata aplica\u00e7\u00e3o do dispositivo pois a situa\u00e7\u00e3o \u00e9 excepcional e o objetivo \u00e9 proteger a Catalunha.<\/p>\n<p>Ap\u00f3s a divulga\u00e7\u00e3o da declara\u00e7\u00e3o unilateral de independ\u00eancia por parte dos separatistas, Rajoy pediu tranquilidade aos cidad\u00e3os espanh\u00f3is e afirmou que a situa\u00e7\u00e3o voltar\u00e1 \u00e0 legalidade.<\/p>\n<h4>TRIBUNAL CONSTITUCIONAL<\/h4>\n<p>O governo de Espanha deve recorrer ao Tribunal Constitucional contra a declara\u00e7\u00e3o de independ\u00eancia aprovada nessa sexta-feira, 27, pelo parlamento da Catalunha em vota\u00e7\u00e3o secreta. Foram 70 votos a favor, dez contra e dois em branco. A oposi\u00e7\u00e3o havia se retirado do plen\u00e1rio minutos antes e se absteve de votar.<\/p>\n<p>Segundo o jornal La Vanguardia, o Tribunal Constitucional j\u00e1 se preparava para declarar a nulidade dos atos e vota\u00e7\u00f5es do Parlamento catal\u00e3o.<\/p>\n<p>Fonte: Ag\u00eancia Brasil<\/p>\n","protected":false},"excerpt":{"rendered":"<p>O Senado espanhol aprovou por 214 votos a favor, 47 contra e uma absten\u00e7\u00e3o a aplica\u00e7\u00e3o do artigo 155 da Constitui\u00e7\u00e3o espanhola, para suspender a autonomia da Catalunha e destituir o l\u00edder regional, Carles Puigdemont. O dispositivo interfere ainda no governo da regi\u00e3o aut\u00f4noma. A decis\u00e3o aconteceu por volta das 16h (12h hor\u00e1rio de Bras\u00edlia). [&hellip;]<\/p>\n","protected":false},"author":96,"featured_media":84120,"comment_status":"closed","ping_status":"closed","sticky":false,"template":"","format":"standard","meta":{"footnotes":""},"categories":[302],"tags":[],"class_list":["post-84121","post","type-post","status-publish","format-standard","has-post-thumbnail","hentry","category-brasil-mundo"],"_links":{"self":[{"href":"https:\/\/diarioregionaldigital.com.br\/index.php?rest_route=\/wp\/v2\/posts\/84121","targetHints":{"allow":["GET"]}}],"collection":[{"href":"https:\/\/diarioregionaldigital.com.br\/index.php?rest_route=\/wp\/v2\/posts"}],"about":[{"href":"https:\/\/diarioregionaldigital.com.br\/index.php?rest_route=\/wp\/v2\/types\/post"}],"author":[{"embeddable":true,"href":"https:\/\/diarioregionaldigital.com.br\/index.php?rest_route=\/wp\/v2\/users\/96"}],"replies":[{"embeddable":true,"href":"https:\/\/diarioregionaldigital.com.br\/index.php?rest_route=%2Fwp%2Fv2%2Fcomments&post=84121"}],"version-history":[{"count":0,"href":"https:\/\/diarioregionaldigital.com.br\/index.php?rest_route=\/wp\/v2\/posts\/84121\/revisions"}],"wp:featuredmedia":[{"embeddable":true,"href":"https:\/\/diarioregionaldigital.com.br\/index.php?rest_route=\/wp\/v2\/media\/84120"}],"wp:attachment":[{"href":"https:\/\/diarioregionaldigital.com.br\/index.php?rest_route=%2Fwp%2Fv2%2Fmedia&parent=84121"}],"wp:term":[{"taxonomy":"category","embeddable":true,"href":"https:\/\/diarioregionaldigital.com.br\/index.php?rest_route=%2Fwp%2Fv2%2Fcategories&post=84121"},{"taxonomy":"post_tag","embeddable":true,"href":"https:\/\/diarioregionaldigital.com.br\/index.php?rest_route=%2Fwp%2Fv2%2Ftags&post=84121"}],"curies":[{"name":"wp","href":"https:\/\/api.w.org\/{rel}","templated":true}]}}