{"id":84119,"date":"2017-10-27T18:16:42","date_gmt":"2017-10-27T20:16:42","guid":{"rendered":"http:\/\/diarioregionaljf.com.br\/2017\/10\/27\/catas-altas-reune-destinos-turisticos-de-religiao-e-aventura\/"},"modified":"2017-10-27T18:16:42","modified_gmt":"2017-10-27T20:16:42","slug":"catas-altas-reune-destinos-turisticos-de-religiao-e-aventura","status":"publish","type":"post","link":"https:\/\/diarioregionaldigital.com.br\/?p=84119","title":{"rendered":"Catas Altas re\u00fane destinos tur\u00edsticos de religi\u00e3o e aventura"},"content":{"rendered":"<p>Catas Altas, assim como v\u00e1rios outros munic\u00edpios de Minas Gerais, n\u00e3o foge \u00e0 regra, sendo um \u00f3timo destino para quem deseja aproveitar um dia, um fim de semana ou mesmo um feriad\u00e3o, como o que est\u00e1 pr\u00f3ximo, para \u2018relax\u2019.<\/p>\n<p>Situada na Serra do Cara\u00e7a, localiza-se no caminho entre Santa B\u00e1rbara e Mariana, tendo o imponente Pico do Horizonte como paisagem permanente para os que andam por suas ruas de pedra. O munic\u00edpio nasceu junto com o ciclo da minera\u00e7\u00e3o, no in\u00edcio do s\u00e9culo XVIII. Da\u00ed a origem do seu nome Catas (minas) Altas (em refer\u00eancia forma\u00e7\u00e3o serrana).<\/p>\n<p>As casas coloniais na \u00e1rea central da cidade s\u00e3o bem preservadas, criando uma atmosfera bastante acolhedora para o visitante, que pode usufruir de \u00f3timos bares, restaurantes e op\u00e7\u00f5es de hospedagem. Como n\u00e3o poderia faltar numa boa cidade hist\u00f3rica mineira, h\u00e1 os destaques da arquitetura da cidade.<\/p>\n<p>A Igreja Matriz de Nossa Senhora da Concei\u00e7\u00e3o, com elementos arquitet\u00f4nicos raros, \u00e9 um presente para os interessados na arquitetura colonial, j\u00e1 que \u00e9 poss\u00edvel ver, na nave, uma sucess\u00e3o de camadas e etapas de constru\u00e7\u00e3o de uma igreja, em sequ\u00eancia, j\u00e1 que ela \u00e9 inacabada. A edifica\u00e7\u00e3o com suas torres de pontas sinuosas domina a paisagem e \u00e9 o principal cart\u00e3o-postal da cidade. Ricamente ornamentada e datada de 1739, a Igreja de Nossa Senhora da Concei\u00e7\u00e3o \u00e9 certamente uma das mais interessantes do per\u00edodo colonial mineiro.<\/p>\n<p>J\u00e1 a Igreja de Santa Quit\u00e9ria \u00e9 um dos mais famosos \u00edcones da arte colonial mineira. Seu altar-mor exibe a imagem de Nossa Senhora do Carmo, mas inicialmente a igreja era devotada \u00e0 Santa Quit\u00e9ria, o que faz com que tenha dupla denomina\u00e7\u00e3o. Constru\u00edda no s\u00e9culo XVIII, tem em seu altar principal madeira trabalhada em motivos florais e anjos. O conjunto no entorno da constru\u00e7\u00e3o, de torre \u00fanica, erguida de costas para o Pico do Horizonte e ao lado de um cruzeiro de madeira, forma um dos cart\u00f5es-postais mais conhecidos de Minas.<\/p>\n<p>Mais simples, a Igreja do Ros\u00e1rio foi constru\u00edda no fim do s\u00e9culo XVIII e in\u00edcio do s\u00e9culo XIX. Apesar de seu exterior n\u00e3o chamar tanto a aten\u00e7\u00e3o, seu interior tem um altar-mor com talha em estilo Dom Jo\u00e3o V e o teto pintado em tons de vermelho e marrom bem escuro. Se o plano \u00e9 relaxar na calmaria da cidade, vale a visita.<\/p>\n<p>&nbsp;<\/p>\n<h4>RELIGI\u00c3O E AVENTURA<\/h4>\n<p>A Bicame de Pedra, s\u00e3o ru\u00ednas de um aqueduto de pedras, constru\u00eddo pelos escravos em 1792, com 100 metros de extens\u00e3o. \u00c9 poss\u00edvel subir por uma escada lateral e caminhar pelo seu topo. Fica a 12 km do centro de Catas Altas, mas vale a visita.<\/p>\n<p>No distrito de Morro d\u2019\u00c1gua Quente, a 6 km do centro, al\u00e9m da t\u00edpica hospitalidade, a Capela do Nosso Senhor do Bonfim, em estilo barroco do final do s\u00e9culo XVIII, completa o cen\u00e1rio.<\/p>\n<p>Cachoeira bastante visitada \u00e9 a do Maquin\u00e9. Ela pode ser avistada do Centro Hist\u00f3rico de Catas Altas e tem duas quedas. A primeira tem cerca de 60 metros de altura e quatro saltos que formam pequenos po\u00e7os. A segunda tem 25 metros de altura. O acesso n\u00e3o \u00e9 sinalizado e apresenta grau alto de dificuldade. Ou seja, exige bom preparo f\u00edsico e experi\u00eancia em trilhas.<\/p>\n<p>O Santu\u00e1rio do Cara\u00e7a \u00e9 o que mais movimenta o turismo na regi\u00e3o, que faz parte da Reserva Particular do Patrim\u00f4nio Natural do Cara\u00e7a, um dos mais importantes do pa\u00eds e maior unidade de conserva\u00e7\u00e3o particular do estado. Com trilhas para v\u00e1rias atra\u00e7\u00f5es, como cachoeiras, mirantes, piscinas naturais, antigas constru\u00e7\u00f5es, grutas e picos (alguns s\u00f3 podem ser visitados com o acompanhamento de guias), o Santu\u00e1rio do Cara\u00e7a oferece uma s\u00e9rie de aventuras para seus visitantes. A lista de cachoeiras, rios, picos e mirantes do lugar \u00e9 extensa.<\/p>\n<p>Al\u00e9m dos atrativos naturais, o Cara\u00e7a, como \u00e9 conhecido o santu\u00e1rio, \u00e9 um centro de espiritualidade, cultura e educa\u00e7\u00e3o. A institui\u00e7\u00e3o cat\u00f3lica \u00e9 uma das sete maravilhas da Estrada Real e patrim\u00f4nio federal, estadual e municipal.<\/p>\n<p>&nbsp;<\/p>\n<h4>ESTRUTURA COMPLETA<\/h4>\n<p>O Centro da cidade de Catas Altas conta com toda a estrutura para atender o turista, como pousada, restaurante, lanchonete e loja. No conjunto arquitet\u00f4nico, Igreja neog\u00f3tica, o pr\u00e9dio do antigo col\u00e9gio (hoje museu e biblioteca) e pousada. Na \u00e1rea de manejo est\u00e3o localizadas a Fazenda do Engenho, o Buraco da Boiada e a Fazenda do Capivari, tamb\u00e9m abertos \u00e0 visita\u00e7\u00e3o. Para os mais sortudos, a visita dos famosos e amea\u00e7ados de extin\u00e7\u00e3o lobos-guar\u00e1 \u00e9 um espet\u00e1culo \u00e0 parte.<\/p>\n<p>A dist\u00e2ncia entre Juiz de Fora e Catas Altas \u00e9 de 283 km, aproximadamente quatro horas de viagem. Se \u00e9 para relaxar afastando-se do burburinho do dia a dia no pr\u00f3ximo feriado, o destino \u00e9 Catas Altas e o Santu\u00e1rio do Cara\u00e7a.<\/p>\n","protected":false},"excerpt":{"rendered":"<p>Catas Altas, assim como v\u00e1rios outros munic\u00edpios de Minas Gerais, n\u00e3o foge \u00e0 regra, sendo um \u00f3timo destino para quem deseja aproveitar um dia, um fim de semana ou mesmo um feriad\u00e3o, como o que est\u00e1 pr\u00f3ximo, para \u2018relax\u2019. Situada na Serra do Cara\u00e7a, localiza-se no caminho entre Santa B\u00e1rbara e Mariana, tendo o imponente [&hellip;]<\/p>\n","protected":false},"author":96,"featured_media":84118,"comment_status":"closed","ping_status":"closed","sticky":false,"template":"","format":"standard","meta":{"footnotes":""},"categories":[284],"tags":[],"class_list":["post-84119","post","type-post","status-publish","format-standard","has-post-thumbnail","hentry","category-turismo-rosa-oliveira"],"_links":{"self":[{"href":"https:\/\/diarioregionaldigital.com.br\/index.php?rest_route=\/wp\/v2\/posts\/84119","targetHints":{"allow":["GET"]}}],"collection":[{"href":"https:\/\/diarioregionaldigital.com.br\/index.php?rest_route=\/wp\/v2\/posts"}],"about":[{"href":"https:\/\/diarioregionaldigital.com.br\/index.php?rest_route=\/wp\/v2\/types\/post"}],"author":[{"embeddable":true,"href":"https:\/\/diarioregionaldigital.com.br\/index.php?rest_route=\/wp\/v2\/users\/96"}],"replies":[{"embeddable":true,"href":"https:\/\/diarioregionaldigital.com.br\/index.php?rest_route=%2Fwp%2Fv2%2Fcomments&post=84119"}],"version-history":[{"count":0,"href":"https:\/\/diarioregionaldigital.com.br\/index.php?rest_route=\/wp\/v2\/posts\/84119\/revisions"}],"wp:featuredmedia":[{"embeddable":true,"href":"https:\/\/diarioregionaldigital.com.br\/index.php?rest_route=\/wp\/v2\/media\/84118"}],"wp:attachment":[{"href":"https:\/\/diarioregionaldigital.com.br\/index.php?rest_route=%2Fwp%2Fv2%2Fmedia&parent=84119"}],"wp:term":[{"taxonomy":"category","embeddable":true,"href":"https:\/\/diarioregionaldigital.com.br\/index.php?rest_route=%2Fwp%2Fv2%2Fcategories&post=84119"},{"taxonomy":"post_tag","embeddable":true,"href":"https:\/\/diarioregionaldigital.com.br\/index.php?rest_route=%2Fwp%2Fv2%2Ftags&post=84119"}],"curies":[{"name":"wp","href":"https:\/\/api.w.org\/{rel}","templated":true}]}}