{"id":84117,"date":"2017-10-27T18:03:04","date_gmt":"2017-10-27T20:03:04","guid":{"rendered":"http:\/\/diarioregionaljf.com.br\/2017\/10\/27\/chefe-do-trafico-em-uba-e-preso-por-homicidio\/"},"modified":"2017-10-27T18:03:04","modified_gmt":"2017-10-27T20:03:04","slug":"chefe-do-trafico-em-uba-e-preso-por-homicidio","status":"publish","type":"post","link":"https:\/\/diarioregionaldigital.com.br\/?p=84117","title":{"rendered":"Chefe do tr\u00e1fico em Ub\u00e1 \u00e9 preso por homic\u00eddio"},"content":{"rendered":"<p>A Pol\u00edcia Civil, por meio da Delegacia Antidrogas e Homic\u00eddios do munic\u00edpio de Ub\u00e1, apresentou nesta sexta-feira, 27, um jovem de 20 anos, suspeito de ter assassinado um rapaz de 21 anos. O crime aconteceu no dia 21 de maio, no bairro S\u00e3o Jo\u00e3o.<\/p>\n<p>De acordo com a assessoria da Pol\u00edcia Civil, o autor \u00e9 amplamente conhecido no meio policial, pois ele teria o controle do tr\u00e1fico de drogas em parte do bairro, aliciando menores de idade para a realiza\u00e7\u00e3o n\u00e3o s\u00f3 da comercializa\u00e7\u00e3o de entorpecentes, como tamb\u00e9m para a execu\u00e7\u00e3o de desafetos.<\/p>\n<p>&nbsp;<\/p>\n<h4>O CRIME<\/h4>\n<p>Na data do crime, policiais militares foram acionados para atender uma ocorr\u00eancia de disparo de arma de fogo, realizando o cerco no bairro. Os militares encontraram o corpo da v\u00edtima sem vida no matagal localizado no final da Rua Sebasti\u00e3o Teles Costa, com uma perfura\u00e7\u00e3o de arma de fogo na nuca. Naquela oportunidade, um adolescente de 14 anos foi apreendido em flagrante por ato infracional.<\/p>\n<p>O suspeito teria sido visto saindo do local do crime armado, no intuito de fugir dos policiais. A motiva\u00e7\u00e3o para o crime seria disputa envolvendo o tr\u00e1fico de drogas no bairro S\u00e3o Jo\u00e3o, uma vez que a v\u00edtima possu\u00eda diversas passagens policiais.<\/p>\n<p>O autor se encontra preso no Pres\u00eddio de Ub\u00e1, \u00e0 disposi\u00e7\u00e3o do Poder Judici\u00e1rio.<\/p>\n","protected":false},"excerpt":{"rendered":"<p>A Pol\u00edcia Civil, por meio da Delegacia Antidrogas e Homic\u00eddios do munic\u00edpio de Ub\u00e1, apresentou nesta sexta-feira, 27, um jovem de 20 anos, suspeito de ter assassinado um rapaz de 21 anos. O crime aconteceu no dia 21 de maio, no bairro S\u00e3o Jo\u00e3o. De acordo com a assessoria da Pol\u00edcia Civil, o autor \u00e9 [&hellip;]<\/p>\n","protected":false},"author":96,"featured_media":84116,"comment_status":"closed","ping_status":"closed","sticky":false,"template":"","format":"standard","meta":{"footnotes":""},"categories":[252],"tags":[],"class_list":["post-84117","post","type-post","status-publish","format-standard","has-post-thumbnail","hentry","category-regiao"],"_links":{"self":[{"href":"https:\/\/diarioregionaldigital.com.br\/index.php?rest_route=\/wp\/v2\/posts\/84117","targetHints":{"allow":["GET"]}}],"collection":[{"href":"https:\/\/diarioregionaldigital.com.br\/index.php?rest_route=\/wp\/v2\/posts"}],"about":[{"href":"https:\/\/diarioregionaldigital.com.br\/index.php?rest_route=\/wp\/v2\/types\/post"}],"author":[{"embeddable":true,"href":"https:\/\/diarioregionaldigital.com.br\/index.php?rest_route=\/wp\/v2\/users\/96"}],"replies":[{"embeddable":true,"href":"https:\/\/diarioregionaldigital.com.br\/index.php?rest_route=%2Fwp%2Fv2%2Fcomments&post=84117"}],"version-history":[{"count":0,"href":"https:\/\/diarioregionaldigital.com.br\/index.php?rest_route=\/wp\/v2\/posts\/84117\/revisions"}],"wp:featuredmedia":[{"embeddable":true,"href":"https:\/\/diarioregionaldigital.com.br\/index.php?rest_route=\/wp\/v2\/media\/84116"}],"wp:attachment":[{"href":"https:\/\/diarioregionaldigital.com.br\/index.php?rest_route=%2Fwp%2Fv2%2Fmedia&parent=84117"}],"wp:term":[{"taxonomy":"category","embeddable":true,"href":"https:\/\/diarioregionaldigital.com.br\/index.php?rest_route=%2Fwp%2Fv2%2Fcategories&post=84117"},{"taxonomy":"post_tag","embeddable":true,"href":"https:\/\/diarioregionaldigital.com.br\/index.php?rest_route=%2Fwp%2Fv2%2Ftags&post=84117"}],"curies":[{"name":"wp","href":"https:\/\/api.w.org\/{rel}","templated":true}]}}