{"id":84031,"date":"2017-10-26T18:30:41","date_gmt":"2017-10-26T20:30:41","guid":{"rendered":"http:\/\/diarioregionaljf.com.br\/2017\/10\/26\/paises-de-lingua-portuguesa-assinam-acordo-para-implantacao-de-bancos-de-leite\/"},"modified":"2017-10-26T18:30:41","modified_gmt":"2017-10-26T20:30:41","slug":"paises-de-lingua-portuguesa-assinam-acordo-para-implantacao-de-bancos-de-leite","status":"publish","type":"post","link":"https:\/\/diarioregionaldigital.com.br\/?p=84031","title":{"rendered":"Pa\u00edses de l\u00edngua portuguesa assinam acordo para implanta\u00e7\u00e3o de bancos de leite"},"content":{"rendered":"<p>Os pa\u00edses membros da Comunidade dos Pa\u00edses de L\u00edngua Portuguesa (CPLP) assinaram nessa quinta-feira, 26, um acordo de coopera\u00e7\u00e3o para a implanta\u00e7\u00e3o de bancos de leite humano. O Brasil ser\u00e1 o respons\u00e1vel pela transfer\u00eancia da tecnologia para Guin\u00e9-Bissau, Guin\u00e9 Equatorial, S\u00e3o Tom\u00e9 e Pr\u00edncipe e Timor-Leste. \u201cA coopera\u00e7\u00e3o \u00e9 para que a tecnologia que n\u00f3s desenvolvemos para coleta, armazenamento e distribui\u00e7\u00e3o seja repetida nesses pa\u00edses. O banco de leite \u00e9 uma experi\u00eancia exitosa do Brasil, muito premiada, e que n\u00f3s multiplicaremos agora\u201d, disse o ministro da Sa\u00fade, Ricardo Barros.<\/p>\n<p>O Brasil j\u00e1 coopera com quatro pa\u00edses da comunidade, que adotam o modelo brasileiro de bancos de leite: Angola, Cabo Verde, Mo\u00e7ambique e Portugal. A partir de agora, todos os pa\u00edses da CPLP poder\u00e3o atuar de forma integrada na cria\u00e7\u00e3o de um banco de leite que atenda \u00e0s necessidades da popula\u00e7\u00e3o local.<\/p>\n<p>Desenvolvida h\u00e1 32 anos no Brasil, a estrat\u00e9gia de bancos de leite beneficiou, entre 2009 e 2016, mais de 1,8 milh\u00e3o de rec\u00e9m-nascidos e teve apoio de 1,3 milh\u00e3o de doadoras. O pa\u00eds tem 221 bancos de leite, em todos os estados e no Distrito Federal, com 190 postos de coleta, al\u00e9m da coleta domiciliar.<\/p>\n<p>O pa\u00eds tem acordos de coopera\u00e7\u00e3o e exporta t\u00e9cnicas de baixo custo utilizadas na implanta\u00e7\u00e3o de bancos de leite para 24 pa\u00edses. Segundo o Minist\u00e9rio da Sa\u00fade, em 2001, a Organiza\u00e7\u00e3o Mundial da Sa\u00fade (OMS) reconheceu a Rede Brasileira de Bancos de Leite Humano como uma das a\u00e7\u00f5es que mais contribu\u00edram para a redu\u00e7\u00e3o da mortalidade infantil no mundo na d\u00e9cada de 1990. De 1990 a 2012, a taxa de mortalidade infantil no Brasil caiu 70,5%. Em 2015, a taxa de mortalidade infantil no pa\u00eds foi de 13,82 por mil nascidos vivos.<\/p>\n<p>Segundo a diretora Nacional de Planifica\u00e7\u00e3o e Coopera\u00e7\u00e3o do Minist\u00e9rio da Sa\u00fade de Mo\u00e7ambique, Marina Karagianis, o pa\u00eds africano est\u00e1 instalando seu primeiro banco de leite no Hospital Central de Maputo. Mo\u00e7ambique tem uma taxa de mortalidade infantil de 76 por cada mil nascidos vivos. \u201c\u00c9 uma grande preocupa\u00e7\u00e3o, temos uma taxa de mortalidade alta entre os neonatais e foi com muita satisfa\u00e7\u00e3o que os outros pa\u00edses tiveram redu\u00e7\u00e3o dessa mortalidade\u201d.<\/p>\n<p>O banco de leite em Mo\u00e7ambique est\u00e1 em fase de adequa\u00e7\u00e3o da infraestrutura f\u00edsica e as equipes est\u00e3o em treinamento no Brasil com especialistas brasileiros. \u201cEssa ainda n\u00e3o \u00e9 uma pr\u00e1tica em Mo\u00e7ambique, ent\u00e3o ainda vamos fazer toda a comunica\u00e7\u00e3o para a comunidade para mostrar os benef\u00edcios que a doa\u00e7\u00e3o de leite tem\u201d, explicou Marina.<\/p>\n<p>O termo de coopera\u00e7\u00e3o foi assinado durante a 4\u00aa Reuni\u00e3o de Ministros da Sa\u00fade da CPLP, em Bras\u00edlia, que teve como tema \u201cCPLP e Agenda 2030 para o Desenvolvimento Sustent\u00e1vel\u201d. Al\u00e9m dos bancos de leite, os ministro e representantes dos pa\u00edses conciliaram pol\u00edticas em outros setores, visando a cria\u00e7\u00e3o de uma agenda estrat\u00e9gica para garantir uma troca de experi\u00eancias exitosas na \u00e1rea da sa\u00fade.<\/p>\n<p>Em 2016, o Brasil assumiu a presid\u00eancia da CPLP, por um per\u00edodo de dois anos. Em 2018, a presid\u00eancia passa para Cabo Verde. Segundo o Minist\u00e9rio da Sa\u00fade, a coopera\u00e7\u00e3o t\u00e9cnica do Brasil no setor de sa\u00fade com os pa\u00edses de l\u00edngua portuguesa tem ganhado destaque nos \u00faltimos anos, contando com 18 projetos em andamento em \u00e1reas como o combate ao HIV\/Aids, vigil\u00e2ncia epidemiol\u00f3gica, forma\u00e7\u00e3o de recursos humanos e sa\u00fade materno-infantil.<\/p>\n<p>Fonte: Ag\u00eancia Brasil<\/p>\n","protected":false},"excerpt":{"rendered":"<p>Os pa\u00edses membros da Comunidade dos Pa\u00edses de L\u00edngua Portuguesa (CPLP) assinaram nessa quinta-feira, 26, um acordo de coopera\u00e7\u00e3o para a implanta\u00e7\u00e3o de bancos de leite humano. O Brasil ser\u00e1 o respons\u00e1vel pela transfer\u00eancia da tecnologia para Guin\u00e9-Bissau, Guin\u00e9 Equatorial, S\u00e3o Tom\u00e9 e Pr\u00edncipe e Timor-Leste. \u201cA coopera\u00e7\u00e3o \u00e9 para que a tecnologia que n\u00f3s [&hellip;]<\/p>\n","protected":false},"author":96,"featured_media":84030,"comment_status":"closed","ping_status":"closed","sticky":false,"template":"","format":"standard","meta":{"footnotes":""},"categories":[302],"tags":[],"class_list":["post-84031","post","type-post","status-publish","format-standard","has-post-thumbnail","hentry","category-brasil-mundo"],"_links":{"self":[{"href":"https:\/\/diarioregionaldigital.com.br\/index.php?rest_route=\/wp\/v2\/posts\/84031","targetHints":{"allow":["GET"]}}],"collection":[{"href":"https:\/\/diarioregionaldigital.com.br\/index.php?rest_route=\/wp\/v2\/posts"}],"about":[{"href":"https:\/\/diarioregionaldigital.com.br\/index.php?rest_route=\/wp\/v2\/types\/post"}],"author":[{"embeddable":true,"href":"https:\/\/diarioregionaldigital.com.br\/index.php?rest_route=\/wp\/v2\/users\/96"}],"replies":[{"embeddable":true,"href":"https:\/\/diarioregionaldigital.com.br\/index.php?rest_route=%2Fwp%2Fv2%2Fcomments&post=84031"}],"version-history":[{"count":0,"href":"https:\/\/diarioregionaldigital.com.br\/index.php?rest_route=\/wp\/v2\/posts\/84031\/revisions"}],"wp:featuredmedia":[{"embeddable":true,"href":"https:\/\/diarioregionaldigital.com.br\/index.php?rest_route=\/wp\/v2\/media\/84030"}],"wp:attachment":[{"href":"https:\/\/diarioregionaldigital.com.br\/index.php?rest_route=%2Fwp%2Fv2%2Fmedia&parent=84031"}],"wp:term":[{"taxonomy":"category","embeddable":true,"href":"https:\/\/diarioregionaldigital.com.br\/index.php?rest_route=%2Fwp%2Fv2%2Fcategories&post=84031"},{"taxonomy":"post_tag","embeddable":true,"href":"https:\/\/diarioregionaldigital.com.br\/index.php?rest_route=%2Fwp%2Fv2%2Ftags&post=84031"}],"curies":[{"name":"wp","href":"https:\/\/api.w.org\/{rel}","templated":true}]}}