{"id":84027,"date":"2017-10-26T18:17:47","date_gmt":"2017-10-26T20:17:47","guid":{"rendered":"http:\/\/diarioregionaljf.com.br\/2017\/10\/26\/sociedade-brasileira-e-patrimonialista-e-machista-afirma-carmen-lucia\/"},"modified":"2017-10-26T18:17:47","modified_gmt":"2017-10-26T20:17:47","slug":"sociedade-brasileira-e-patrimonialista-e-machista-afirma-carmen-lucia","status":"publish","type":"post","link":"https:\/\/diarioregionaldigital.com.br\/?p=84027","title":{"rendered":"Sociedade brasileira \u00e9 &#8220;patrimonialista&#8221; e &#8220;machista&#8221;, afirma C\u00e1rmen L\u00facia"},"content":{"rendered":"<p>A presidente do Supremo Tribunal Federal (STF), ministra C\u00e1rmen L\u00facia, afirmou nessa quinta-feira, 26, que o fato de ocupar a chefia de um dos poderes da Rep\u00fablica n\u00e3o passa de um dado &#8220;circunstancial&#8221; num pa\u00eds cuja sociedade permanece em grande medida &#8220;patrimonialista, machista e muito preconceituosa com a mulher&#8221;.<\/p>\n<p>As declara\u00e7\u00f5es foram dadas durante um semin\u00e1rio sobre as mulheres na Justi\u00e7a, realizado na Embaixada da Fran\u00e7a, em Bras\u00edlia. Compunham a mesa a procuradora-geral da Rep\u00fablica, Raquel Dodge, e a advogada-geral da Uni\u00e3o, ministra Grace Mendon\u00e7a.<\/p>\n<p>C\u00e1rmen L\u00facia respondeu a uma felicita\u00e7\u00e3o do embaixador da Fran\u00e7a, Michel Miraillet, que destacou que o Brasil \u00e9 um dos poucos pa\u00edses com mulheres ocupando quatro cargos de c\u00fapula no Judici\u00e1rio. Al\u00e9m das tr\u00eas que compunham a mesa, ele contou ainda a presidente do Superior Tribunal de Justi\u00e7a (STJ), ministra Laurita Vaz.<\/p>\n<p>A presidente do STF ressaltou que a presen\u00e7a de mulheres na c\u00fapula do Judici\u00e1rio pouco teria significado para al\u00e9m de uma coincid\u00eancia hist\u00f3rica numa sociedade &#8220;que n\u00e3o se acostumou que o nome autoridade n\u00e3o se declina, n\u00e3o tem sexo&#8221;. Ela revelou j\u00e1 ter sido barrada, por exemplo, de entrar na casa de amigos por funcion\u00e1rios que esperavam por um homem, jamais imaginando a possibilidade de que a presidente do Supremo fosse uma mulher.<\/p>\n<p>A ministra lembrou que a presen\u00e7a de mulheres na c\u00fapula do Judici\u00e1rio brasileiro n\u00e3o se reflete nos n\u00fameros do Judici\u00e1rio, que tem muito menos ju\u00edzas e procuradoras mulheres do que homens. Tampouco, disse, se reflete na representa\u00e7\u00e3o pol\u00edtica, ressaltando a baixa presen\u00e7a feminina no Congresso.<\/p>\n<p>C\u00e1rmen L\u00facia, Grace Mendon\u00e7a e Raquel Dodge foram un\u00e2nimes em destacar a imposi\u00e7\u00e3o de uma vida quase &#8220;mon\u00e1stica&#8221; \u00e0s mulheres que almejem cargos de lideran\u00e7a. De acordo com elas, h\u00e1 um constrangimento constante da sociedade brasileira para que a mulher priorize as rela\u00e7\u00f5es afetivas e a fam\u00edlia, acima da pr\u00f3pria realiza\u00e7\u00e3o pessoal, o que n\u00e3o ocorre, nem de perto, em rela\u00e7\u00e3o aos homens.<\/p>\n<p>&#8220;O simples querer feminino \u00e9 encarado como uma forma de ousadia&#8221;, disse Grace Mendon\u00e7a. &#8220;Ainda que ocupando um cargo que tenha uma percep\u00e7\u00e3o de autoridade, ainda somos vistas, sim, com estranheza&#8221;.<\/p>\n<p>Em sua fala, C\u00e1rmen L\u00facia fez quest\u00e3o de destacar que a face mais grave desse constrangimento social em rela\u00e7\u00e3o \u00e0 mulher se expressa no feminic\u00eddio.<\/p>\n<p>&#8220;Continua havendo mulheres mortas, e n\u00e3o apenas pelos companheiros , mortas por uma sociedade que n\u00e3o v\u00ea que a mulher n\u00e3o \u00e9 a causadora do feminic\u00eddio, que \u00e9 um homic\u00eddio causado somente por ela ser mulher&#8221;, disse.<\/p>\n<p>Fonte: Ag\u00eancia Brasil<\/p>\n","protected":false},"excerpt":{"rendered":"<p>A presidente do Supremo Tribunal Federal (STF), ministra C\u00e1rmen L\u00facia, afirmou nessa quinta-feira, 26, que o fato de ocupar a chefia de um dos poderes da Rep\u00fablica n\u00e3o passa de um dado &#8220;circunstancial&#8221; num pa\u00eds cuja sociedade permanece em grande medida &#8220;patrimonialista, machista e muito preconceituosa com a mulher&#8221;. As declara\u00e7\u00f5es foram dadas durante um [&hellip;]<\/p>\n","protected":false},"author":96,"featured_media":84026,"comment_status":"closed","ping_status":"closed","sticky":false,"template":"","format":"standard","meta":{"footnotes":""},"categories":[302],"tags":[],"class_list":["post-84027","post","type-post","status-publish","format-standard","has-post-thumbnail","hentry","category-brasil-mundo"],"_links":{"self":[{"href":"https:\/\/diarioregionaldigital.com.br\/index.php?rest_route=\/wp\/v2\/posts\/84027","targetHints":{"allow":["GET"]}}],"collection":[{"href":"https:\/\/diarioregionaldigital.com.br\/index.php?rest_route=\/wp\/v2\/posts"}],"about":[{"href":"https:\/\/diarioregionaldigital.com.br\/index.php?rest_route=\/wp\/v2\/types\/post"}],"author":[{"embeddable":true,"href":"https:\/\/diarioregionaldigital.com.br\/index.php?rest_route=\/wp\/v2\/users\/96"}],"replies":[{"embeddable":true,"href":"https:\/\/diarioregionaldigital.com.br\/index.php?rest_route=%2Fwp%2Fv2%2Fcomments&post=84027"}],"version-history":[{"count":0,"href":"https:\/\/diarioregionaldigital.com.br\/index.php?rest_route=\/wp\/v2\/posts\/84027\/revisions"}],"wp:featuredmedia":[{"embeddable":true,"href":"https:\/\/diarioregionaldigital.com.br\/index.php?rest_route=\/wp\/v2\/media\/84026"}],"wp:attachment":[{"href":"https:\/\/diarioregionaldigital.com.br\/index.php?rest_route=%2Fwp%2Fv2%2Fmedia&parent=84027"}],"wp:term":[{"taxonomy":"category","embeddable":true,"href":"https:\/\/diarioregionaldigital.com.br\/index.php?rest_route=%2Fwp%2Fv2%2Fcategories&post=84027"},{"taxonomy":"post_tag","embeddable":true,"href":"https:\/\/diarioregionaldigital.com.br\/index.php?rest_route=%2Fwp%2Fv2%2Ftags&post=84027"}],"curies":[{"name":"wp","href":"https:\/\/api.w.org\/{rel}","templated":true}]}}