{"id":84025,"date":"2017-10-26T18:16:22","date_gmt":"2017-10-26T20:16:22","guid":{"rendered":"http:\/\/diarioregionaljf.com.br\/2017\/10\/26\/sinagua-tem-nova-reuniao-com-representantes-da-cesama\/"},"modified":"2017-10-26T18:16:22","modified_gmt":"2017-10-26T20:16:22","slug":"sinagua-tem-nova-reuniao-com-representantes-da-cesama","status":"publish","type":"post","link":"https:\/\/diarioregionaldigital.com.br\/?p=84025","title":{"rendered":"Sin\u00e1gua tem nova reuni\u00e3o com representantes da Cesama"},"content":{"rendered":"<p>Representantes do Sindicato dos Trabalhadores no Servi\u00e7o de \u00c1gua de Juiz de Fora (Sin\u00e1gua-JF) se reuniram com a Comiss\u00e3o de Negocia\u00e7\u00e3o Salarial da Companhia de Saneamento Municipal (Cesama) na manh\u00e3 desta quinta-feira, 26. Durante o encontro, os trabalhadores pontuaram alguns pontos relativos \u00e0 proposta apresentada pela empresa na \u00faltima ter\u00e7a-feira, 24, e \u00e0s demandas da classe.<\/p>\n<p>De acordo com a assessoria de comunica\u00e7\u00e3o da Companhia, a Comiss\u00e3o vai se reunir para avaliar as demandas e elaborar uma nova proposta, que ser\u00e1 encaminhada ao Sin\u00e1gua na pr\u00f3xima semana.<\/p>\n<p>Segundo o presidente do Sindicato, Ednaldo Ramos, assim que a proposta for apresentada, ser\u00e1 convocada uma assembleia para apresenta\u00e7\u00e3o e discuss\u00e3o do documento ao\/com os trabalhadores.<\/p>\n<p>Uma nova reuni\u00e3o entre as partes est\u00e1 agendada para a tarde da pr\u00f3xima quarta-feira, 1\u00ba de novembro.<\/p>\n","protected":false},"excerpt":{"rendered":"<p>Representantes do Sindicato dos Trabalhadores no Servi\u00e7o de \u00c1gua de Juiz de Fora (Sin\u00e1gua-JF) se reuniram com a Comiss\u00e3o de Negocia\u00e7\u00e3o Salarial da Companhia de Saneamento Municipal (Cesama) na manh\u00e3 desta quinta-feira, 26. Durante o encontro, os trabalhadores pontuaram alguns pontos relativos \u00e0 proposta apresentada pela empresa na \u00faltima ter\u00e7a-feira, 24, e \u00e0s demandas da [&hellip;]<\/p>\n","protected":false},"author":96,"featured_media":84024,"comment_status":"closed","ping_status":"closed","sticky":false,"template":"","format":"standard","meta":{"footnotes":""},"categories":[253],"tags":[],"class_list":["post-84025","post","type-post","status-publish","format-standard","has-post-thumbnail","hentry","category-cidade"],"_links":{"self":[{"href":"https:\/\/diarioregionaldigital.com.br\/index.php?rest_route=\/wp\/v2\/posts\/84025","targetHints":{"allow":["GET"]}}],"collection":[{"href":"https:\/\/diarioregionaldigital.com.br\/index.php?rest_route=\/wp\/v2\/posts"}],"about":[{"href":"https:\/\/diarioregionaldigital.com.br\/index.php?rest_route=\/wp\/v2\/types\/post"}],"author":[{"embeddable":true,"href":"https:\/\/diarioregionaldigital.com.br\/index.php?rest_route=\/wp\/v2\/users\/96"}],"replies":[{"embeddable":true,"href":"https:\/\/diarioregionaldigital.com.br\/index.php?rest_route=%2Fwp%2Fv2%2Fcomments&post=84025"}],"version-history":[{"count":0,"href":"https:\/\/diarioregionaldigital.com.br\/index.php?rest_route=\/wp\/v2\/posts\/84025\/revisions"}],"wp:featuredmedia":[{"embeddable":true,"href":"https:\/\/diarioregionaldigital.com.br\/index.php?rest_route=\/wp\/v2\/media\/84024"}],"wp:attachment":[{"href":"https:\/\/diarioregionaldigital.com.br\/index.php?rest_route=%2Fwp%2Fv2%2Fmedia&parent=84025"}],"wp:term":[{"taxonomy":"category","embeddable":true,"href":"https:\/\/diarioregionaldigital.com.br\/index.php?rest_route=%2Fwp%2Fv2%2Fcategories&post=84025"},{"taxonomy":"post_tag","embeddable":true,"href":"https:\/\/diarioregionaldigital.com.br\/index.php?rest_route=%2Fwp%2Fv2%2Ftags&post=84025"}],"curies":[{"name":"wp","href":"https:\/\/api.w.org\/{rel}","templated":true}]}}