{"id":84023,"date":"2017-10-26T18:10:59","date_gmt":"2017-10-26T20:10:59","guid":{"rendered":"http:\/\/diarioregionaljf.com.br\/2017\/10\/26\/puigdemont-nao-convoca-eleicoes-e-futuro-da-catalunha-segue-incerto\/"},"modified":"2017-10-26T18:10:59","modified_gmt":"2017-10-26T20:10:59","slug":"puigdemont-nao-convoca-eleicoes-e-futuro-da-catalunha-segue-incerto","status":"publish","type":"post","link":"https:\/\/diarioregionaldigital.com.br\/?p=84023","title":{"rendered":"Puigdemont n\u00e3o convoca elei\u00e7\u00f5es e futuro da Catalunha segue incerto"},"content":{"rendered":"<p>O presidente da Catalunha, Carles Puigdemont, decidiu seguir com a estrat\u00e9gia de n\u00e3o esclarecer suas reais inten\u00e7\u00f5es em rela\u00e7\u00e3o ao desafio independentista da regi\u00e3o espanhola. Em declara\u00e7\u00e3o feita nessa quinta-feira, 26, \u00e0s 17h (13h no hor\u00e1rio de Bras\u00edlia), no Pal\u00e1cio do governo, em Barcelona, Puigdemont, mais uma vez, fez declara\u00e7\u00f5es consideradas confusas.<\/p>\n<p>Havia a expectativa de que ele anunciasse a desist\u00eancia de declarar a independ\u00eancia da regi\u00e3o e optasse por convocar elei\u00e7\u00f5es. No entanto, o l\u00edder catal\u00e3o descartou a possibilidade de novas elei\u00e7\u00f5es por entender que n\u00e3o h\u00e1 garantias que as justifiquem. &#8220;Minha responsabilidade \u00e9 esgotar todas as vias para encontrar uma solu\u00e7\u00e3o ao conflito pol\u00edtico e de natureza democr\u00e1tica&#8221;, afirmou. Puigdemont tamb\u00e9m n\u00e3o afirmou se pretende seguir com os planos de declarar a independ\u00eancia da regi\u00e3o.<\/p>\n<p>Ao longo da manh\u00e3, centenas de estudantes catal\u00e3es protestaram contra a aplica\u00e7\u00e3o do Artigo 155 da Constitui\u00e7\u00e3o espanhola, que pode suspender a autonomia da regi\u00e3o e marcar novas elei\u00e7\u00f5es. Diante de tantas inseguran\u00e7as, os manifestantes se voltaram contra o l\u00edder separatista aos gritos de &#8220;traidor&#8221;, por acreditarem que ele est\u00e1 sendo desleal ao n\u00e3o declarar oficialmente a independ\u00eancia.<\/p>\n<p>No dia 1\u00ba de outubro, cerca de dois milh\u00f5es de pessoas foram \u00e0s urnas na Catalunha se manifestar, em um referendo, sobre a independ\u00eancia da regi\u00e3o. Cerca de 90% dos eleitores votaram pela independ\u00eancia da Catalunha, mas o pleito foi considerado ilegal pelo governo espanhol, que n\u00e3o reconheceu o processo e amea\u00e7a agora usar um artigo da Constitui\u00e7\u00e3o do pa\u00eds para suspender a autonomia da regi\u00e3o.<\/p>\n<p>Nessa quinta-feira, Puigdemont enviou ao Senado uma carta de oito p\u00e1ginas em que dizia que a aplica\u00e7\u00e3o do Artigo 155 criaria uma situa\u00e7\u00e3o ainda mais grave do que a atual. Ele argumentou que o artigo n\u00e3o \u00e9 um cheque em branco e n\u00e3o permite ao Governo central destituir as institui\u00e7\u00f5es catal\u00e3s.<\/p>\n<p>Uma comiss\u00e3o do Senado espanhol vai avaliar, hoje \u00e0 tarde, a aplica\u00e7\u00e3o do Artigo 155, que ser\u00e1 votada na manh\u00e3 dessa sexta-feira, 27. Apesar do cen\u00e1rio incerto, a expectativa \u00e9 de que o Senado d\u00ea prosseguimento para colocar em pr\u00e1tica o texto constitucional, que pode destituir Puigdemont e suspender a autonomia da Catalunha.<\/p>\n<p>Fonte: Ag\u00eancia Brasil<\/p>\n","protected":false},"excerpt":{"rendered":"<p>O presidente da Catalunha, Carles Puigdemont, decidiu seguir com a estrat\u00e9gia de n\u00e3o esclarecer suas reais inten\u00e7\u00f5es em rela\u00e7\u00e3o ao desafio independentista da regi\u00e3o espanhola. Em declara\u00e7\u00e3o feita nessa quinta-feira, 26, \u00e0s 17h (13h no hor\u00e1rio de Bras\u00edlia), no Pal\u00e1cio do governo, em Barcelona, Puigdemont, mais uma vez, fez declara\u00e7\u00f5es consideradas confusas. Havia a expectativa [&hellip;]<\/p>\n","protected":false},"author":96,"featured_media":84022,"comment_status":"closed","ping_status":"closed","sticky":false,"template":"","format":"standard","meta":{"footnotes":""},"categories":[302],"tags":[],"class_list":["post-84023","post","type-post","status-publish","format-standard","has-post-thumbnail","hentry","category-brasil-mundo"],"_links":{"self":[{"href":"https:\/\/diarioregionaldigital.com.br\/index.php?rest_route=\/wp\/v2\/posts\/84023","targetHints":{"allow":["GET"]}}],"collection":[{"href":"https:\/\/diarioregionaldigital.com.br\/index.php?rest_route=\/wp\/v2\/posts"}],"about":[{"href":"https:\/\/diarioregionaldigital.com.br\/index.php?rest_route=\/wp\/v2\/types\/post"}],"author":[{"embeddable":true,"href":"https:\/\/diarioregionaldigital.com.br\/index.php?rest_route=\/wp\/v2\/users\/96"}],"replies":[{"embeddable":true,"href":"https:\/\/diarioregionaldigital.com.br\/index.php?rest_route=%2Fwp%2Fv2%2Fcomments&post=84023"}],"version-history":[{"count":0,"href":"https:\/\/diarioregionaldigital.com.br\/index.php?rest_route=\/wp\/v2\/posts\/84023\/revisions"}],"wp:featuredmedia":[{"embeddable":true,"href":"https:\/\/diarioregionaldigital.com.br\/index.php?rest_route=\/wp\/v2\/media\/84022"}],"wp:attachment":[{"href":"https:\/\/diarioregionaldigital.com.br\/index.php?rest_route=%2Fwp%2Fv2%2Fmedia&parent=84023"}],"wp:term":[{"taxonomy":"category","embeddable":true,"href":"https:\/\/diarioregionaldigital.com.br\/index.php?rest_route=%2Fwp%2Fv2%2Fcategories&post=84023"},{"taxonomy":"post_tag","embeddable":true,"href":"https:\/\/diarioregionaldigital.com.br\/index.php?rest_route=%2Fwp%2Fv2%2Ftags&post=84023"}],"curies":[{"name":"wp","href":"https:\/\/api.w.org\/{rel}","templated":true}]}}