{"id":84017,"date":"2017-10-26T17:46:08","date_gmt":"2017-10-26T19:46:08","guid":{"rendered":"http:\/\/diarioregionaljf.com.br\/2017\/10\/26\/ciemg-e-fiemg-regional-zm-promovem-curso-sobre-fechamento-de-vendas\/"},"modified":"2017-10-26T17:46:08","modified_gmt":"2017-10-26T19:46:08","slug":"ciemg-e-fiemg-regional-zm-promovem-curso-sobre-fechamento-de-vendas","status":"publish","type":"post","link":"https:\/\/diarioregionaldigital.com.br\/?p=84017","title":{"rendered":"CIEMG e FIEMG Regional ZM promovem curso sobre Fechamento de Vendas"},"content":{"rendered":"<p>Na pr\u00f3xima segunda-feira, 30, o Centro Industrial e Empresarial de Minas Gerais (CIEMG), em parceria com a FIEMG Regional Zona da Mata, realiza em Juiz de Fora o curso \u201cOs 7 passos para o fechamento de vendas\u201d. O treinamento visa proporcionar aos participantes o entendimento sobre a din\u00e2mica comercial de uma equipe de vendas, apresentando os sete passos b\u00e1sicos que devem ser observados nas diversas etapas do processo de vendas, aumentando a efici\u00eancia do processo, at\u00e9 o fechamento com o cliente.<\/p>\n<p>Fazem parte do conte\u00fado program\u00e1tico do treinamento temas como conceitos de Marketing e de Marketing de Servi\u00e7os; Marketing de Relacionamento como ferramenta estrat\u00e9gica de vendas; a din\u00e2mica comercial de uma equipe de vendas; os sete processos b\u00e1sicos de vendas e o planejamento de vendas.<\/p>\n<p>O instrutor ser\u00e1 Jo\u00e3o Batista (JBMAXX), palestrante, coach, autor, escritor, administrador de empresas e empres\u00e1rio. Tamb\u00e9m \u00e9 consultor nas \u00e1reas de Marketing e Vendas; professor de p\u00f3s-gradua\u00e7\u00e3o e MBAs em Marketing e Vendas; facilitador de treinamentos em Venda; p\u00f3s-graduado em Marketing e mestre em M\u00eddia e Conhecimento; criador do Ciclo Positivado de Vendas e executivo de Vendas.<\/p>\n<p>Os interessados devem se inscrever atrav\u00e9s do e-mail relacoeszm@fiemg.com.br ou pelo telefone (32) 3249-1028. O investimento \u00e9 de R$180 para associados ao CIEMG e aos Sindicatos filiados \u00e0 FIEMG e R$210 para n\u00e3o associados. O curso ser\u00e1 realizado de 8h30 \u00e0s 17h30, na FIEMG Regional Zona da Mata, localizada na Av. Garcia Rodrigues Paes, n\u00ba12.395 &#8211; Bairro Industrial, Juiz de Fora. As vagas s\u00e3o limitadas.<\/p>\n<p>Fonte: Assessoria<\/p>\n","protected":false},"excerpt":{"rendered":"<p>Na pr\u00f3xima segunda-feira, 30, o Centro Industrial e Empresarial de Minas Gerais (CIEMG), em parceria com a FIEMG Regional Zona da Mata, realiza em Juiz de Fora o curso \u201cOs 7 passos para o fechamento de vendas\u201d. O treinamento visa proporcionar aos participantes o entendimento sobre a din\u00e2mica comercial de uma equipe de vendas, apresentando [&hellip;]<\/p>\n","protected":false},"author":96,"featured_media":84016,"comment_status":"closed","ping_status":"closed","sticky":false,"template":"","format":"standard","meta":{"footnotes":""},"categories":[253],"tags":[],"class_list":["post-84017","post","type-post","status-publish","format-standard","has-post-thumbnail","hentry","category-cidade"],"_links":{"self":[{"href":"https:\/\/diarioregionaldigital.com.br\/index.php?rest_route=\/wp\/v2\/posts\/84017","targetHints":{"allow":["GET"]}}],"collection":[{"href":"https:\/\/diarioregionaldigital.com.br\/index.php?rest_route=\/wp\/v2\/posts"}],"about":[{"href":"https:\/\/diarioregionaldigital.com.br\/index.php?rest_route=\/wp\/v2\/types\/post"}],"author":[{"embeddable":true,"href":"https:\/\/diarioregionaldigital.com.br\/index.php?rest_route=\/wp\/v2\/users\/96"}],"replies":[{"embeddable":true,"href":"https:\/\/diarioregionaldigital.com.br\/index.php?rest_route=%2Fwp%2Fv2%2Fcomments&post=84017"}],"version-history":[{"count":0,"href":"https:\/\/diarioregionaldigital.com.br\/index.php?rest_route=\/wp\/v2\/posts\/84017\/revisions"}],"wp:featuredmedia":[{"embeddable":true,"href":"https:\/\/diarioregionaldigital.com.br\/index.php?rest_route=\/wp\/v2\/media\/84016"}],"wp:attachment":[{"href":"https:\/\/diarioregionaldigital.com.br\/index.php?rest_route=%2Fwp%2Fv2%2Fmedia&parent=84017"}],"wp:term":[{"taxonomy":"category","embeddable":true,"href":"https:\/\/diarioregionaldigital.com.br\/index.php?rest_route=%2Fwp%2Fv2%2Fcategories&post=84017"},{"taxonomy":"post_tag","embeddable":true,"href":"https:\/\/diarioregionaldigital.com.br\/index.php?rest_route=%2Fwp%2Fv2%2Ftags&post=84017"}],"curies":[{"name":"wp","href":"https:\/\/api.w.org\/{rel}","templated":true}]}}