{"id":84015,"date":"2017-10-26T17:12:29","date_gmt":"2017-10-26T19:12:29","guid":{"rendered":"http:\/\/diarioregionaljf.com.br\/2017\/10\/26\/horario-de-marcacao-de-exames-laboratoriais-no-pam-marechal-e-alterado\/"},"modified":"2017-10-26T17:12:29","modified_gmt":"2017-10-26T19:12:29","slug":"horario-de-marcacao-de-exames-laboratoriais-no-pam-marechal-e-alterado","status":"publish","type":"post","link":"https:\/\/diarioregionaldigital.com.br\/?p=84015","title":{"rendered":"Hor\u00e1rio de marca\u00e7\u00e3o de exames laboratoriais no PAM Marechal \u00e9 alterado"},"content":{"rendered":"<p>A partir de segunda-feira, 30, os agendamentos de exames laboratoriais de sangue, urina e fezes, no PAM Marechal, passar\u00e3o a ser realizados de segunda a sexta-feira, entre 8h e 17h, ininterruptamente. A medida tem como objetivo a padroniza\u00e7\u00e3o dos hor\u00e1rios de atendimento ao cidad\u00e3o, j\u00e1 que os demais exames na Unidade s\u00e3o agendados a partir das 8h.<\/p>\n<p>O hor\u00e1rio de coleta dos materiais n\u00e3o ser\u00e1 alterado, iniciando \u00e0s 7h, e o atendimento permanece na Loja 1 do Pr\u00e9dio, no T\u00e9rreo. De acordo com o gerente do Departamento de Apoio de Diagn\u00f3stico e Terapia, Sydney Castro, a expectativa \u00e9 uma melhor distribui\u00e7\u00e3o dos atendimentos e melhor acolhimento do cidad\u00e3o que chega em jejum para a coleta dos exames.<\/p>\n<p>Fonte: Assessoria<\/p>\n","protected":false},"excerpt":{"rendered":"<p>A partir de segunda-feira, 30, os agendamentos de exames laboratoriais de sangue, urina e fezes, no PAM Marechal, passar\u00e3o a ser realizados de segunda a sexta-feira, entre 8h e 17h, ininterruptamente. A medida tem como objetivo a padroniza\u00e7\u00e3o dos hor\u00e1rios de atendimento ao cidad\u00e3o, j\u00e1 que os demais exames na Unidade s\u00e3o agendados a partir [&hellip;]<\/p>\n","protected":false},"author":96,"featured_media":84014,"comment_status":"closed","ping_status":"closed","sticky":false,"template":"","format":"standard","meta":{"footnotes":""},"categories":[253],"tags":[],"class_list":["post-84015","post","type-post","status-publish","format-standard","has-post-thumbnail","hentry","category-cidade"],"_links":{"self":[{"href":"https:\/\/diarioregionaldigital.com.br\/index.php?rest_route=\/wp\/v2\/posts\/84015","targetHints":{"allow":["GET"]}}],"collection":[{"href":"https:\/\/diarioregionaldigital.com.br\/index.php?rest_route=\/wp\/v2\/posts"}],"about":[{"href":"https:\/\/diarioregionaldigital.com.br\/index.php?rest_route=\/wp\/v2\/types\/post"}],"author":[{"embeddable":true,"href":"https:\/\/diarioregionaldigital.com.br\/index.php?rest_route=\/wp\/v2\/users\/96"}],"replies":[{"embeddable":true,"href":"https:\/\/diarioregionaldigital.com.br\/index.php?rest_route=%2Fwp%2Fv2%2Fcomments&post=84015"}],"version-history":[{"count":0,"href":"https:\/\/diarioregionaldigital.com.br\/index.php?rest_route=\/wp\/v2\/posts\/84015\/revisions"}],"wp:featuredmedia":[{"embeddable":true,"href":"https:\/\/diarioregionaldigital.com.br\/index.php?rest_route=\/wp\/v2\/media\/84014"}],"wp:attachment":[{"href":"https:\/\/diarioregionaldigital.com.br\/index.php?rest_route=%2Fwp%2Fv2%2Fmedia&parent=84015"}],"wp:term":[{"taxonomy":"category","embeddable":true,"href":"https:\/\/diarioregionaldigital.com.br\/index.php?rest_route=%2Fwp%2Fv2%2Fcategories&post=84015"},{"taxonomy":"post_tag","embeddable":true,"href":"https:\/\/diarioregionaldigital.com.br\/index.php?rest_route=%2Fwp%2Fv2%2Ftags&post=84015"}],"curies":[{"name":"wp","href":"https:\/\/api.w.org\/{rel}","templated":true}]}}