{"id":83975,"date":"2017-10-25T20:13:25","date_gmt":"2017-10-25T22:13:25","guid":{"rendered":"http:\/\/diarioregionaljf.com.br\/2017\/10\/25\/receita-envia-cartas-para-contribuintes-autorregularizarem-declaracoes\/"},"modified":"2017-10-25T20:13:25","modified_gmt":"2017-10-25T22:13:25","slug":"receita-envia-cartas-para-contribuintes-autorregularizarem-declaracoes","status":"publish","type":"post","link":"https:\/\/diarioregionaldigital.com.br\/?p=83975","title":{"rendered":"Receita envia cartas para contribuintes autorregularizarem declara\u00e7\u00f5es"},"content":{"rendered":"<p>A Secretaria da Receita Federal do Brasil (RFB) enviar\u00e1 cartas a cerca de 340 mil contribuintes que est\u00e3o com ind\u00edcio de inconsist\u00eancias na Declara\u00e7\u00e3o de Ajuste Anual do Imposto sobre a Renda da Pessoa F\u00edsica (DIRPF) exerc\u00edcio 2017, ano-calend\u00e1rio 2016. Segundo a Receita, as inconsist\u00eancias podem levar a atua\u00e7\u00f5es futuras. O envio das cartas come\u00e7ou esta semana e vai at\u00e9 o final do m\u00eas.<\/p>\n<p>\u201cO Projeto Cartas 2017 \u00e9 uma iniciativa da Receita Federal destinado a estimular os contribuintes a verificarem o processamento de suas DIRPF e providenciarem corre\u00e7\u00e3o, caso constatem erro nas informa\u00e7\u00f5es declaradas ao Fisco\u201d, explicou em nota a Receita.<\/p>\n<p>O \u00f3rg\u00e3o esclarece que as cartas somente s\u00e3o enviadas aos contribuintes que podem se autorregularizar, isto \u00e9, contribuintes n\u00e3o intimados nem notificados. N\u00e3o \u00e9 necess\u00e1rio comparecer \u00e0 Receita Federal.<\/p>\n<p>Para saber a situa\u00e7\u00e3o da declara\u00e7\u00e3o apresentada, basta consultar as informa\u00e7\u00f5es dispon\u00edveis no site da Receita Federal, servi\u00e7o Extrato da DIRPF, utilizando c\u00f3digo de acesso ou certificado digital. A Declara\u00e7\u00e3o retida em alguma malha da RFB apresenta sempre a mensagem pend\u00eancia. Junto com a pend\u00eancia, s\u00e3o fornecidas orienta\u00e7\u00f5es de como proceder no caso de erro na Declara\u00e7\u00e3o apresentada.<\/p>\n<p>A sugest\u00e3o para quem retificar a Declara\u00e7\u00e3o apresentada \u00e9 acompanhar o seu processamento por meio do servi\u00e7o dispon\u00edvel na internet: Extrato da DIRPF. Esta \u00e9 a maneira mais r\u00e1pida de saber o que ocorreu no processamento da Declara\u00e7\u00e3o e se h\u00e1 pend\u00eancias que podem ser resolvidas pelo pr\u00f3prio contribuinte.<\/p>\n<p>A Receita adverte que, caso o contribuinte n\u00e3o aproveite a oportunidade de se autorregularizar, poder\u00e1 ser intimado formalmente para comprova\u00e7\u00e3o das diverg\u00eancias.<\/p>\n<p>Ap\u00f3s receber intima\u00e7\u00e3o, n\u00e3o ser\u00e1 mais poss\u00edvel fazer qualquer corre\u00e7\u00e3o na Declara\u00e7\u00e3o e qualquer exig\u00eancia de imposto pelo Fisco ser\u00e1 acrescido de multa de of\u00edcio de, no m\u00ednimo, 75% do imposto que n\u00e3o foi pago pelo contribuinte, ou que foi pago em valor menor do que o devido.<\/p>\n<hr \/>\n<p>&nbsp;Fonte: Ag\u00eancia Brasil<\/p>\n","protected":false},"excerpt":{"rendered":"<p>A Secretaria da Receita Federal do Brasil (RFB) enviar\u00e1 cartas a cerca de 340 mil contribuintes que est\u00e3o com ind\u00edcio de inconsist\u00eancias na Declara\u00e7\u00e3o de Ajuste Anual do Imposto sobre a Renda da Pessoa F\u00edsica (DIRPF) exerc\u00edcio 2017, ano-calend\u00e1rio 2016. Segundo a Receita, as inconsist\u00eancias podem levar a atua\u00e7\u00f5es futuras. O envio das cartas come\u00e7ou [&hellip;]<\/p>\n","protected":false},"author":96,"featured_media":83974,"comment_status":"closed","ping_status":"closed","sticky":false,"template":"","format":"standard","meta":{"footnotes":""},"categories":[261],"tags":[],"class_list":["post-83975","post","type-post","status-publish","format-standard","has-post-thumbnail","hentry","category-economia"],"_links":{"self":[{"href":"https:\/\/diarioregionaldigital.com.br\/index.php?rest_route=\/wp\/v2\/posts\/83975","targetHints":{"allow":["GET"]}}],"collection":[{"href":"https:\/\/diarioregionaldigital.com.br\/index.php?rest_route=\/wp\/v2\/posts"}],"about":[{"href":"https:\/\/diarioregionaldigital.com.br\/index.php?rest_route=\/wp\/v2\/types\/post"}],"author":[{"embeddable":true,"href":"https:\/\/diarioregionaldigital.com.br\/index.php?rest_route=\/wp\/v2\/users\/96"}],"replies":[{"embeddable":true,"href":"https:\/\/diarioregionaldigital.com.br\/index.php?rest_route=%2Fwp%2Fv2%2Fcomments&post=83975"}],"version-history":[{"count":0,"href":"https:\/\/diarioregionaldigital.com.br\/index.php?rest_route=\/wp\/v2\/posts\/83975\/revisions"}],"wp:featuredmedia":[{"embeddable":true,"href":"https:\/\/diarioregionaldigital.com.br\/index.php?rest_route=\/wp\/v2\/media\/83974"}],"wp:attachment":[{"href":"https:\/\/diarioregionaldigital.com.br\/index.php?rest_route=%2Fwp%2Fv2%2Fmedia&parent=83975"}],"wp:term":[{"taxonomy":"category","embeddable":true,"href":"https:\/\/diarioregionaldigital.com.br\/index.php?rest_route=%2Fwp%2Fv2%2Fcategories&post=83975"},{"taxonomy":"post_tag","embeddable":true,"href":"https:\/\/diarioregionaldigital.com.br\/index.php?rest_route=%2Fwp%2Fv2%2Ftags&post=83975"}],"curies":[{"name":"wp","href":"https:\/\/api.w.org\/{rel}","templated":true}]}}